{"id":32873,"date":"2022-09-30T18:29:19","date_gmt":"2022-09-30T16:29:19","guid":{"rendered":"http:\/\/centralmedia.rs\/?p=32873"},"modified":"2022-10-03T13:48:04","modified_gmt":"2022-10-03T11:48:04","slug":"palma-ocekujem-od-egipatskih-prijatelja-da-podrze-srbiju-u-medunarodnim-institucijama","status":"publish","type":"post","link":"https:\/\/centralmedia.rs\/index.php\/2022\/09\/30\/palma-ocekujem-od-egipatskih-prijatelja-da-podrze-srbiju-u-medunarodnim-institucijama\/","title":{"rendered":"PALMA: O\u010cEKUJEM OD EGIPATSKIH PRIJATELjA DA PODR\u017dE SRBIJU U ME\u0110UNARODNIM INSTITUCIJAMA"},"content":{"rendered":"<p>Predsednik Jedinstvene Srbije, narodni poslanik i predsednik Skup\u0161tine grada Jagodine Dragan Markovi\u0107 Palma okupio je danas u \u0160arm El \u0160eiku\u00a0 srpske i egipatske privrednike iz regije Ju\u017eni Sinaj.<\/p>\n<div id='gallery-1' class='gallery galleryid-32873 gallery-columns-3 gallery-size-thumbnail'><figure class='gallery-item'>\n\t\t\t<div class='gallery-icon portrait'>\n\t\t\t\t<a href='https:\/\/centralmedia.rs\/index.php\/2022\/09\/30\/palma-ocekujem-od-egipatskih-prijatelja-da-podrze-srbiju-u-medunarodnim-institucijama\/palma-sarm-el\/'><img loading=\"lazy\" decoding=\"async\" width=\"150\" height=\"150\" src=\"https:\/\/centralmedia.rs\/wp-content\/uploads\/2022\/09\/palma-\u0161arm-el-150x150.jpg\" class=\"attachment-thumbnail size-thumbnail\" alt=\"\" \/><\/a>\n\t\t\t<\/div><\/figure><figure class='gallery-item'>\n\t\t\t<div class='gallery-icon landscape'>\n\t\t\t\t<a href='https:\/\/centralmedia.rs\/index.php\/2022\/09\/30\/palma-ocekujem-od-egipatskih-prijatelja-da-podrze-srbiju-u-medunarodnim-institucijama\/palma-sarm-el1\/'><img loading=\"lazy\" decoding=\"async\" width=\"150\" height=\"150\" src=\"https:\/\/centralmedia.rs\/wp-content\/uploads\/2022\/09\/palma-\u0161arm-el1-150x150.jpg\" class=\"attachment-thumbnail size-thumbnail\" alt=\"\" \/><\/a>\n\t\t\t<\/div><\/figure><figure class='gallery-item'>\n\t\t\t<div class='gallery-icon landscape'>\n\t\t\t\t<a href='https:\/\/centralmedia.rs\/index.php\/2022\/09\/30\/palma-ocekujem-od-egipatskih-prijatelja-da-podrze-srbiju-u-medunarodnim-institucijama\/palma-sarm-el2\/'><img loading=\"lazy\" decoding=\"async\" width=\"150\" height=\"150\" src=\"https:\/\/centralmedia.rs\/wp-content\/uploads\/2022\/09\/palma-\u0161arm-el2-150x150.jpg\" class=\"attachment-thumbnail size-thumbnail\" alt=\"\" \/><\/a>\n\t\t\t<\/div><\/figure>\n\t\t<\/div>\n\n<p>Govore\u0107i o aktuelnoj globalnoj situaciji Markovi\u0107 je rekao da je Srbija zainteresovana za saradnju sa celim svetom, a posebno sa tradicionalnim prijateljima. Na\u0161e egipatske prijatelje molimo da podr\u017eavaju u me\u0111unarodnim organizacijama zakon i pravdu jedne suverene zemlje kao \u0161to je Srbija, a posebno kada je u pitanju Kosovo i Metohija. Mi moramo da iskoristimo tradicionalno prijateljstvo dva naroda a posebno prijateljstvo predsednika Vu\u010di\u0107a i predsednika El Sisija &#8220;, rekao je predsednik Jedinstvene Srbije.<\/p>\n<p>Dragan Markovi\u0107 Palma se zahvalio Guvereneru Ju\u017enog Sinaja Haledu Fudi na podr\u0161ci za ja\u010danje ekonomske saradnje izme\u0111u dve zemlje, a posebno ambasadoru Egipta u Srbiji Baselu Salahu. &#8220;Na\u0161 interes je ja\u010danje ekonomske saradnje, da se pove\u0107a izvoz iz Srbije za Egipat, da proizvode koje Egipat uvozi prioritet da srpskim proizvodima. Otvaranjem ekonomskih vrata sa Egiptom otvaramo vrata za proizvode iz Srbije za celu Afriku u kojoj \u017eivi milijardu i po ljudi.<\/p>\n<p>\u0160ef egipatske delegacije Valed je predlo\u017eio da se u \u0160arm El \u0160eiku osnuje Grupa egipatsko-srpskog prijateljstva, \u010diji bi po\u010dasni predsednik bio Dragan Markovi\u0107 Palma. &#8221; Danas ne pri\u010damo samo o dolasku srpskih turista u Egipat nego i o dolasku egipatskih turista u Srbiju. Na\u0161i investitori su posebno zainteresovani za ulaganje u zdravstveni turizam u Srbiji&#8221; rekao je Valid.<\/p>\n<p>Markovi\u0107 je kazao da je \u0160arm El \u0160eik pravi turisti\u010dki centar i nije slu\u010dajno \u0161to \u0107e se najve\u0107i svetski kongres o klimatskim promenama odr\u017eati ba\u0161 ovde.<\/p>\n<p>Dana\u0161njem sastanku prisustvovali su egipatski privrednici, \u010dlanovi Privredne komore \u0160arm El \u0160eika, \u010dije kompanije se bave turizmom, poljoprivredom, gra\u0111evinarstvom, energetikom i trgovinom, a sa srpske strane kompanije koje se bave prehrambenom industrijom, poljoprivredom, proizvodnjom gra\u0111evinskog materijala, vinarstvom, recikla\u017eom sekundarni sirovina. Sastanku su prisustvovali i narodni poslanik Jedinstvene Srbije \u017divota Star\u010devi\u0107 i na\u010delnik Pomoravskog okruga Goran Milosavljevi\u0107 kao i egipatski i srpski novinari.<\/p>\n","protected":false},"excerpt":{"rendered":"<p>Predsednik Jedinstvene Srbije, narodni poslanik i predsednik Skup\u0161tine grada Jagodine Dragan Markovi\u0107 Palma okupio je danas u \u0160arm El \u0160eiku\u00a0 srpske i egipatske privrednike iz &hellip; <\/p>\n","protected":false},"author":2,"featured_media":32874,"comment_status":"open","ping_status":"open","sticky":false,"template":"","format":"standard","meta":{"footnotes":""},"categories":[1524,2,5643,1514,13,887,12],"tags":[120,1536,5962],"_links":{"self":[{"href":"https:\/\/centralmedia.rs\/index.php\/wp-json\/wp\/v2\/posts\/32873"}],"collection":[{"href":"https:\/\/centralmedia.rs\/index.php\/wp-json\/wp\/v2\/posts"}],"about":[{"href":"https:\/\/centralmedia.rs\/index.php\/wp-json\/wp\/v2\/types\/post"}],"author":[{"embeddable":true,"href":"https:\/\/centralmedia.rs\/index.php\/wp-json\/wp\/v2\/users\/2"}],"replies":[{"embeddable":true,"href":"https:\/\/centralmedia.rs\/index.php\/wp-json\/wp\/v2\/comments?post=32873"}],"version-history":[{"count":1,"href":"https:\/\/centralmedia.rs\/index.php\/wp-json\/wp\/v2\/posts\/32873\/revisions"}],"predecessor-version":[{"id":32877,"href":"https:\/\/centralmedia.rs\/index.php\/wp-json\/wp\/v2\/posts\/32873\/revisions\/32877"}],"wp:featuredmedia":[{"embeddable":true,"href":"https:\/\/centralmedia.rs\/index.php\/wp-json\/wp\/v2\/media\/32874"}],"wp:attachment":[{"href":"https:\/\/centralmedia.rs\/index.php\/wp-json\/wp\/v2\/media?parent=32873"}],"wp:term":[{"taxonomy":"category","embeddable":true,"href":"https:\/\/centralmedia.rs\/index.php\/wp-json\/wp\/v2\/categories?post=32873"},{"taxonomy":"post_tag","embeddable":true,"href":"https:\/\/centralmedia.rs\/index.php\/wp-json\/wp\/v2\/tags?post=32873"}],"curies":[{"name":"wp","href":"https:\/\/api.w.org\/{rel}","templated":true}]}}