{"id":32885,"date":"2022-09-30T18:47:36","date_gmt":"2022-09-30T16:47:36","guid":{"rendered":"http:\/\/centralmedia.rs\/?p=32885"},"modified":"2022-10-03T13:47:36","modified_gmt":"2022-10-03T11:47:36","slug":"podela-prehrambenih-paketa","status":"publish","type":"post","link":"https:\/\/centralmedia.rs\/index.php\/2022\/09\/30\/podela-prehrambenih-paketa\/","title":{"rendered":"PODELA PREHRAMBENIH PAKETA"},"content":{"rendered":"<p>SVILAJNAC-Op\u0161tina Svilajnac i Crveni krst Svilajnac po\u010deli su podelu prehrambenih paketa za sve korisnike Centra za socijalni rad.<\/p>\n<div id='gallery-1' class='gallery galleryid-32885 gallery-columns-4 gallery-size-thumbnail'><figure class='gallery-item'>\n\t\t\t<div class='gallery-icon landscape'>\n\t\t\t\t<a href='https:\/\/centralmedia.rs\/index.php\/2022\/09\/30\/podela-prehrambenih-paketa\/crveni-krst-8\/'><img loading=\"lazy\" decoding=\"async\" width=\"150\" height=\"150\" src=\"https:\/\/centralmedia.rs\/wp-content\/uploads\/2022\/09\/crveni-krst-150x150.jpg\" class=\"attachment-thumbnail size-thumbnail\" alt=\"\" \/><\/a>\n\t\t\t<\/div><\/figure><figure class='gallery-item'>\n\t\t\t<div class='gallery-icon landscape'>\n\t\t\t\t<a href='https:\/\/centralmedia.rs\/index.php\/2022\/09\/30\/podela-prehrambenih-paketa\/crveni-krst1-2\/'><img loading=\"lazy\" decoding=\"async\" width=\"150\" height=\"150\" src=\"https:\/\/centralmedia.rs\/wp-content\/uploads\/2022\/09\/crveni-krst1-150x150.jpg\" class=\"attachment-thumbnail size-thumbnail\" alt=\"\" \/><\/a>\n\t\t\t<\/div><\/figure><figure class='gallery-item'>\n\t\t\t<div class='gallery-icon landscape'>\n\t\t\t\t<a href='https:\/\/centralmedia.rs\/index.php\/2022\/09\/30\/podela-prehrambenih-paketa\/crveni-krst2-2\/'><img loading=\"lazy\" decoding=\"async\" width=\"150\" height=\"150\" src=\"https:\/\/centralmedia.rs\/wp-content\/uploads\/2022\/09\/crveni-krst2-150x150.jpg\" class=\"attachment-thumbnail size-thumbnail\" alt=\"\" \/><\/a>\n\t\t\t<\/div><\/figure><figure class='gallery-item'>\n\t\t\t<div class='gallery-icon landscape'>\n\t\t\t\t<a href='https:\/\/centralmedia.rs\/index.php\/2022\/09\/30\/podela-prehrambenih-paketa\/crveni-krst3\/'><img loading=\"lazy\" decoding=\"async\" width=\"150\" height=\"150\" src=\"https:\/\/centralmedia.rs\/wp-content\/uploads\/2022\/09\/crveni-krst3-150x150.jpg\" class=\"attachment-thumbnail size-thumbnail\" alt=\"\" \/><\/a>\n\t\t\t<\/div><\/figure>\n\t\t<\/div>\n\n<p>Direktor Crvenog krsta Svilajnac Neboj\u0161a Jovanovi\u0107 rekao je da \u0107e ovu pomo\u0107 dobiti 320 porodica sa teritorije op\u0161tine Svilajnac.<\/p>\n<p>-Podelu paketa sa osnovnim prehrambenih namirnicama uru\u010di\u0107emo svim porodicama iz na\u0161e op\u0161tine koje su korisnici Centra za socijalni rad. Ovu akciju sprovodimo uz podr\u0161ku Centra za socijalni rad i Centra za brigu o porodici i samo je jedna od akcija kojima poma\u017eemo ovim porodicama. Tu smo i da na terenu porazgovarali sa ljudino, \u010dujemo njihove probleme i odmah reagujemo i pomognemo za sve \u0161to je u na\u0161em domenu, rekao je Jovanovi\u0107.<\/p>\n<p>Porodice ka\u017eu da je svaka pomo\u0107 dobrodo\u0161la, a da je nekad briga i lepa re\u010d ono \u0161to im najvi\u0161e zna\u010di.<\/p>\n","protected":false},"excerpt":{"rendered":"<p>SVILAJNAC-Op\u0161tina Svilajnac i Crveni krst Svilajnac po\u010deli su podelu prehrambenih paketa za sve korisnike Centra za socijalni rad. Direktor Crvenog krsta Svilajnac Neboj\u0161a Jovanovi\u0107 rekao &hellip; <\/p>\n","protected":false},"author":2,"featured_media":32886,"comment_status":"open","ping_status":"open","sticky":false,"template":"","format":"standard","meta":{"footnotes":""},"categories":[1524,2,887,16,12,5785,1517],"tags":[2264,5964,38],"_links":{"self":[{"href":"https:\/\/centralmedia.rs\/index.php\/wp-json\/wp\/v2\/posts\/32885"}],"collection":[{"href":"https:\/\/centralmedia.rs\/index.php\/wp-json\/wp\/v2\/posts"}],"about":[{"href":"https:\/\/centralmedia.rs\/index.php\/wp-json\/wp\/v2\/types\/post"}],"author":[{"embeddable":true,"href":"https:\/\/centralmedia.rs\/index.php\/wp-json\/wp\/v2\/users\/2"}],"replies":[{"embeddable":true,"href":"https:\/\/centralmedia.rs\/index.php\/wp-json\/wp\/v2\/comments?post=32885"}],"version-history":[{"count":1,"href":"https:\/\/centralmedia.rs\/index.php\/wp-json\/wp\/v2\/posts\/32885\/revisions"}],"predecessor-version":[{"id":32891,"href":"https:\/\/centralmedia.rs\/index.php\/wp-json\/wp\/v2\/posts\/32885\/revisions\/32891"}],"wp:featuredmedia":[{"embeddable":true,"href":"https:\/\/centralmedia.rs\/index.php\/wp-json\/wp\/v2\/media\/32886"}],"wp:attachment":[{"href":"https:\/\/centralmedia.rs\/index.php\/wp-json\/wp\/v2\/media?parent=32885"}],"wp:term":[{"taxonomy":"category","embeddable":true,"href":"https:\/\/centralmedia.rs\/index.php\/wp-json\/wp\/v2\/categories?post=32885"},{"taxonomy":"post_tag","embeddable":true,"href":"https:\/\/centralmedia.rs\/index.php\/wp-json\/wp\/v2\/tags?post=32885"}],"curies":[{"name":"wp","href":"https:\/\/api.w.org\/{rel}","templated":true}]}}