{"id":32913,"date":"2022-08-29T20:39:25","date_gmt":"2022-08-29T18:39:25","guid":{"rendered":"http:\/\/centralmedia.rs\/?p=32913"},"modified":"2022-09-30T20:39:41","modified_gmt":"2022-09-30T18:39:41","slug":"severac-na-pasuljanskim-livadama","status":"publish","type":"post","link":"https:\/\/centralmedia.rs\/index.php\/2022\/08\/29\/severac-na-pasuljanskim-livadama\/","title":{"rendered":"SEVERAC NA PASULJANSKIM LIVADAMA"},"content":{"rendered":"<p>DESPOTOVAC-Zdru\u017eenoj ve\u017ebi ,,Severac\u201d sa bojevim ga\u0111anjem snaga Vojske Srbije i MUP na Pasuljanskim livadama prisutvovali su predsednik Srbije i vrhovni komandant Vojske Srbije Aleksandar Vu\u010di\u0107, ministar odbrane Neboj\u0161a Stefanovi\u0107, na\u010delnik General\u0161taba Vojske Srbije general Milan Mojsilovi\u0107 i ministar unutra\u0161njih poslova Aleksandar Vulin. , saop\u0161tilo je Ministarstvo odbrane.<\/p>\n<div id='gallery-1' class='gallery galleryid-32913 gallery-columns-3 gallery-size-thumbnail'><figure class='gallery-item'>\n\t\t\t<div class='gallery-icon landscape'>\n\t\t\t\t<a href='https:\/\/centralmedia.rs\/index.php\/2022\/08\/29\/severac-na-pasuljanskim-livadama\/severac\/'><img loading=\"lazy\" decoding=\"async\" width=\"150\" height=\"150\" src=\"https:\/\/centralmedia.rs\/wp-content\/uploads\/2022\/09\/severac-150x150.jpg\" class=\"attachment-thumbnail size-thumbnail\" alt=\"\" \/><\/a>\n\t\t\t<\/div><\/figure><figure class='gallery-item'>\n\t\t\t<div class='gallery-icon landscape'>\n\t\t\t\t<a href='https:\/\/centralmedia.rs\/index.php\/2022\/08\/29\/severac-na-pasuljanskim-livadama\/severac1\/'><img loading=\"lazy\" decoding=\"async\" width=\"150\" height=\"150\" src=\"https:\/\/centralmedia.rs\/wp-content\/uploads\/2022\/09\/severac1-150x150.jpg\" class=\"attachment-thumbnail size-thumbnail\" alt=\"\" \/><\/a>\n\t\t\t<\/div><\/figure><figure class='gallery-item'>\n\t\t\t<div class='gallery-icon landscape'>\n\t\t\t\t<a href='https:\/\/centralmedia.rs\/index.php\/2022\/08\/29\/severac-na-pasuljanskim-livadama\/severac3\/'><img loading=\"lazy\" decoding=\"async\" width=\"150\" height=\"150\" src=\"https:\/\/centralmedia.rs\/wp-content\/uploads\/2022\/09\/severac3-150x150.jpg\" class=\"attachment-thumbnail size-thumbnail\" alt=\"\" \/><\/a>\n\t\t\t<\/div><\/figure>\n\t\t<\/div>\n\n","protected":false},"excerpt":{"rendered":"<p>DESPOTOVAC-Zdru\u017eenoj ve\u017ebi ,,Severac\u201d sa bojevim ga\u0111anjem snaga Vojske Srbije i MUP na Pasuljanskim livadama prisutvovali su predsednik Srbije i vrhovni komandant Vojske Srbije Aleksandar Vu\u010di\u0107, &hellip; <\/p>\n","protected":false},"author":2,"featured_media":32914,"comment_status":"open","ping_status":"open","sticky":false,"template":"","format":"standard","meta":{"footnotes":""},"categories":[1518,5786,1524,2,13,887,12],"tags":[5900,5968,5969,63],"_links":{"self":[{"href":"https:\/\/centralmedia.rs\/index.php\/wp-json\/wp\/v2\/posts\/32913"}],"collection":[{"href":"https:\/\/centralmedia.rs\/index.php\/wp-json\/wp\/v2\/posts"}],"about":[{"href":"https:\/\/centralmedia.rs\/index.php\/wp-json\/wp\/v2\/types\/post"}],"author":[{"embeddable":true,"href":"https:\/\/centralmedia.rs\/index.php\/wp-json\/wp\/v2\/users\/2"}],"replies":[{"embeddable":true,"href":"https:\/\/centralmedia.rs\/index.php\/wp-json\/wp\/v2\/comments?post=32913"}],"version-history":[{"count":1,"href":"https:\/\/centralmedia.rs\/index.php\/wp-json\/wp\/v2\/posts\/32913\/revisions"}],"predecessor-version":[{"id":32918,"href":"https:\/\/centralmedia.rs\/index.php\/wp-json\/wp\/v2\/posts\/32913\/revisions\/32918"}],"wp:featuredmedia":[{"embeddable":true,"href":"https:\/\/centralmedia.rs\/index.php\/wp-json\/wp\/v2\/media\/32914"}],"wp:attachment":[{"href":"https:\/\/centralmedia.rs\/index.php\/wp-json\/wp\/v2\/media?parent=32913"}],"wp:term":[{"taxonomy":"category","embeddable":true,"href":"https:\/\/centralmedia.rs\/index.php\/wp-json\/wp\/v2\/categories?post=32913"},{"taxonomy":"post_tag","embeddable":true,"href":"https:\/\/centralmedia.rs\/index.php\/wp-json\/wp\/v2\/tags?post=32913"}],"curies":[{"name":"wp","href":"https:\/\/api.w.org\/{rel}","templated":true}]}}