{"id":32921,"date":"2022-09-20T20:47:02","date_gmt":"2022-09-20T18:47:02","guid":{"rendered":"http:\/\/centralmedia.rs\/?p=32921"},"modified":"2022-09-30T20:47:48","modified_gmt":"2022-09-30T18:47:48","slug":"vojska-srbije-i-saradnja-u-despotovcu","status":"publish","type":"post","link":"https:\/\/centralmedia.rs\/index.php\/2022\/09\/20\/vojska-srbije-i-saradnja-u-despotovcu\/","title":{"rendered":"VOJSKA SRBIJE I SARADNJA U DESPOTOVCU"},"content":{"rendered":"<p>DESPOTOVAC- U cilju unapre\u0111enja dosada\u0161nje vrlo dobre saradnje izme\u0111u lokalne samouprave op\u0161tine Despotovac i Vojske Srbije, garnizon Kru\u0161evac,\u00a0 odr\u017ean je sastanak predstavnika tih ustanova. Cilj odr\u017eavanja sastanka je da se uspostave stalni kontakti sa organima lokalne samouprave i pravovremenim planiranjem, koordinacijom\u00a0 i realizacijom zajedni\u010dkih aktivnosti. \u00a0Sastanak je vodio kapetan prve klase Komande garnizona Kru\u0161evac, Predrag Nikoli\u0107.<\/p>\n<div id='gallery-1' class='gallery galleryid-32921 gallery-columns-3 gallery-size-thumbnail'><figure class='gallery-item'>\n\t\t\t<div class='gallery-icon landscape'>\n\t\t\t\t<a href='https:\/\/centralmedia.rs\/index.php\/2022\/09\/20\/vojska-srbije-i-saradnja-u-despotovcu\/crveni-krst-9\/'><img loading=\"lazy\" decoding=\"async\" width=\"150\" height=\"150\" src=\"https:\/\/centralmedia.rs\/wp-content\/uploads\/2022\/09\/crveni-krst-1-150x150.jpg\" class=\"attachment-thumbnail size-thumbnail\" alt=\"\" \/><\/a>\n\t\t\t<\/div><\/figure><figure class='gallery-item'>\n\t\t\t<div class='gallery-icon landscape'>\n\t\t\t\t<a href='https:\/\/centralmedia.rs\/index.php\/2022\/09\/20\/vojska-srbije-i-saradnja-u-despotovcu\/crveni-krst1-3\/'><img loading=\"lazy\" decoding=\"async\" width=\"150\" height=\"150\" src=\"https:\/\/centralmedia.rs\/wp-content\/uploads\/2022\/09\/crveni-krst1-1-150x150.jpg\" class=\"attachment-thumbnail size-thumbnail\" alt=\"\" \/><\/a>\n\t\t\t<\/div><\/figure><figure class='gallery-item'>\n\t\t\t<div class='gallery-icon landscape'>\n\t\t\t\t<a href='https:\/\/centralmedia.rs\/index.php\/2022\/09\/20\/vojska-srbije-i-saradnja-u-despotovcu\/crveni-krst3-2\/'><img loading=\"lazy\" decoding=\"async\" width=\"150\" height=\"150\" src=\"https:\/\/centralmedia.rs\/wp-content\/uploads\/2022\/09\/crveni-krst3-1-150x150.jpg\" class=\"attachment-thumbnail size-thumbnail\" alt=\"\" \/><\/a>\n\t\t\t<\/div><\/figure>\n\t\t<\/div>\n\n<p>Zaklju\u010dak sastanka je da op\u0161tina Despotovac u narednom periodu u\u010destvuje u realizaciji projekata civilno \u2013 vojne saradnje, \u201eVojni lekar na selu\u201c, \u201eHumanost na delu\u201c, edukacija za u\u010denike, za\u0161tita kriti\u010dnih ta\u010daka u samom delovanju u nesre\u0107i izazvanim elementarnim nepogodama,\u00a0 planiranja prisustva pripadnika Vojske Srbije na obele\u017eavanju zna\u010dajnih istorijskih datuma kao i\u00a0\u00a0 u\u010de\u0161\u0107a pripadnika Vojske Srbije na pojedinim manifestacijama na teritoriji op\u0161tine Despotovac.\u00a0 Posle sastanka kapetan prve klase Predrag Nikoli\u0107 obi\u0161ao je Vatrogasnu spasila\u010dku jedinicu op\u0161tine Despotovac, prostorije Crvenog krsta Despotovac kao i obilazak kriti\u010dkih ta\u010daka na terenu.<\/p>\n","protected":false},"excerpt":{"rendered":"<p>DESPOTOVAC- U cilju unapre\u0111enja dosada\u0161nje vrlo dobre saradnje izme\u0111u lokalne samouprave op\u0161tine Despotovac i Vojske Srbije, garnizon Kru\u0161evac,\u00a0 odr\u017ean je sastanak predstavnika tih ustanova. Cilj &hellip; <\/p>\n","protected":false},"author":2,"featured_media":32922,"comment_status":"open","ping_status":"open","sticky":false,"template":"","format":"standard","meta":{"footnotes":""},"categories":[1518,5786,14,1524,2,887,12],"tags":[51,5969],"_links":{"self":[{"href":"https:\/\/centralmedia.rs\/index.php\/wp-json\/wp\/v2\/posts\/32921"}],"collection":[{"href":"https:\/\/centralmedia.rs\/index.php\/wp-json\/wp\/v2\/posts"}],"about":[{"href":"https:\/\/centralmedia.rs\/index.php\/wp-json\/wp\/v2\/types\/post"}],"author":[{"embeddable":true,"href":"https:\/\/centralmedia.rs\/index.php\/wp-json\/wp\/v2\/users\/2"}],"replies":[{"embeddable":true,"href":"https:\/\/centralmedia.rs\/index.php\/wp-json\/wp\/v2\/comments?post=32921"}],"version-history":[{"count":1,"href":"https:\/\/centralmedia.rs\/index.php\/wp-json\/wp\/v2\/posts\/32921\/revisions"}],"predecessor-version":[{"id":32926,"href":"https:\/\/centralmedia.rs\/index.php\/wp-json\/wp\/v2\/posts\/32921\/revisions\/32926"}],"wp:featuredmedia":[{"embeddable":true,"href":"https:\/\/centralmedia.rs\/index.php\/wp-json\/wp\/v2\/media\/32922"}],"wp:attachment":[{"href":"https:\/\/centralmedia.rs\/index.php\/wp-json\/wp\/v2\/media?parent=32921"}],"wp:term":[{"taxonomy":"category","embeddable":true,"href":"https:\/\/centralmedia.rs\/index.php\/wp-json\/wp\/v2\/categories?post=32921"},{"taxonomy":"post_tag","embeddable":true,"href":"https:\/\/centralmedia.rs\/index.php\/wp-json\/wp\/v2\/tags?post=32921"}],"curies":[{"name":"wp","href":"https:\/\/api.w.org\/{rel}","templated":true}]}}