{"id":32946,"date":"2022-10-05T00:08:52","date_gmt":"2022-10-04T22:08:52","guid":{"rendered":"http:\/\/centralmedia.rs\/?p=32946"},"modified":"2022-10-13T00:07:17","modified_gmt":"2022-10-12T22:07:17","slug":"poseta-opstini-svilajnac-u-okviru-decije-nedelje","status":"publish","type":"post","link":"https:\/\/centralmedia.rs\/index.php\/2022\/10\/05\/poseta-opstini-svilajnac-u-okviru-decije-nedelje\/","title":{"rendered":"POSETA OP\u0160TINI SVILAJNAC U OKVIRU DE\u010cIJE NEDELjE"},"content":{"rendered":"<p>SVILAJNAC-Pred\u0161kolci i u\u010denici ni\u017eih\u00a0 razreda osnovnih \u0161kola iz Svilajnca danas su posetili op\u0161tinu Svilajnac povodom aktivnosti Rukovanje sa zamenikom predsednika op\u0161tine.<\/p>\n<div id='gallery-1' class='gallery galleryid-32946 gallery-columns-3 gallery-size-thumbnail'><figure class='gallery-item'>\n\t\t\t<div class='gallery-icon landscape'>\n\t\t\t\t<a href='https:\/\/centralmedia.rs\/index.php\/2022\/10\/05\/poseta-opstini-svilajnac-u-okviru-decije-nedelje\/decija-nedelja\/'><img loading=\"lazy\" decoding=\"async\" width=\"150\" height=\"150\" src=\"https:\/\/centralmedia.rs\/wp-content\/uploads\/2022\/10\/decija-nedelja-150x150.jpg\" class=\"attachment-thumbnail size-thumbnail\" alt=\"\" \/><\/a>\n\t\t\t<\/div><\/figure><figure class='gallery-item'>\n\t\t\t<div class='gallery-icon landscape'>\n\t\t\t\t<a href='https:\/\/centralmedia.rs\/index.php\/2022\/10\/05\/poseta-opstini-svilajnac-u-okviru-decije-nedelje\/decija-nedelja1\/'><img loading=\"lazy\" decoding=\"async\" width=\"150\" height=\"150\" src=\"https:\/\/centralmedia.rs\/wp-content\/uploads\/2022\/10\/decija-nedelja1-150x150.jpg\" class=\"attachment-thumbnail size-thumbnail\" alt=\"\" \/><\/a>\n\t\t\t<\/div><\/figure><figure class='gallery-item'>\n\t\t\t<div class='gallery-icon landscape'>\n\t\t\t\t<a href='https:\/\/centralmedia.rs\/index.php\/2022\/10\/05\/poseta-opstini-svilajnac-u-okviru-decije-nedelje\/decija-nedelja2\/'><img loading=\"lazy\" decoding=\"async\" width=\"150\" height=\"150\" src=\"https:\/\/centralmedia.rs\/wp-content\/uploads\/2022\/10\/decija-nedelja2-150x150.jpg\" class=\"attachment-thumbnail size-thumbnail\" alt=\"\" \/><\/a>\n\t\t\t<\/div><\/figure>\n\t\t<\/div>\n\n<p>Njihov doma\u0107in bila je zamenik predsednika op\u0161tine Svilajnac Dragana Radevi\u0107, koja je sa decom razgovarala o tome \u0161ta se radi u op\u0161tini, koja su njena zadu\u017eenja i poslovi, a odgovarala je i na pitanja najmla\u0111ih.<\/p>\n<p>Isti\u010de da joj je ovo jedan od najdra\u017eih \u201ezadataka\u201c i da je vrlo korisno oslu\u0161nuti kako deca razmi\u0161ljaju:<\/p>\n<p>\u201eDeca su sjajna, vrlo pametna i mnogo nam je va\u017eno da ponekad od njih samih \u010dujemo \u0161ta su njihove \u017eelje, potrebe, razmi\u0161ljanja, a na nama je da im stvorimo sve uslove, kao i okru\u017eenje, za njihovo mirno, udobno i sre\u0107no odrastanje\u201c \u2013 izjavila je ona.<\/p>\n<p>Svaki razred je spremio kratak program za svoje doma\u0107ine u op\u0161tini, a na kraju su svi u\u017eivali u poslu\u017eenju. Ovu aktivnost organizovala je Resavska biblioteka Svilajnac.<\/p>\n","protected":false},"excerpt":{"rendered":"<p>SVILAJNAC-Pred\u0161kolci i u\u010denici ni\u017eih\u00a0 razreda osnovnih \u0161kola iz Svilajnca danas su posetili op\u0161tinu Svilajnac povodom aktivnosti Rukovanje sa zamenikom predsednika op\u0161tine. Njihov doma\u0107in bila je &hellip; <\/p>\n","protected":false},"author":2,"featured_media":32947,"comment_status":"open","ping_status":"open","sticky":false,"template":"","format":"standard","meta":{"footnotes":""},"categories":[14,1524,2,887,12,1517,5785],"tags":[1287,38],"_links":{"self":[{"href":"https:\/\/centralmedia.rs\/index.php\/wp-json\/wp\/v2\/posts\/32946"}],"collection":[{"href":"https:\/\/centralmedia.rs\/index.php\/wp-json\/wp\/v2\/posts"}],"about":[{"href":"https:\/\/centralmedia.rs\/index.php\/wp-json\/wp\/v2\/types\/post"}],"author":[{"embeddable":true,"href":"https:\/\/centralmedia.rs\/index.php\/wp-json\/wp\/v2\/users\/2"}],"replies":[{"embeddable":true,"href":"https:\/\/centralmedia.rs\/index.php\/wp-json\/wp\/v2\/comments?post=32946"}],"version-history":[{"count":1,"href":"https:\/\/centralmedia.rs\/index.php\/wp-json\/wp\/v2\/posts\/32946\/revisions"}],"predecessor-version":[{"id":32951,"href":"https:\/\/centralmedia.rs\/index.php\/wp-json\/wp\/v2\/posts\/32946\/revisions\/32951"}],"wp:featuredmedia":[{"embeddable":true,"href":"https:\/\/centralmedia.rs\/index.php\/wp-json\/wp\/v2\/media\/32947"}],"wp:attachment":[{"href":"https:\/\/centralmedia.rs\/index.php\/wp-json\/wp\/v2\/media?parent=32946"}],"wp:term":[{"taxonomy":"category","embeddable":true,"href":"https:\/\/centralmedia.rs\/index.php\/wp-json\/wp\/v2\/categories?post=32946"},{"taxonomy":"post_tag","embeddable":true,"href":"https:\/\/centralmedia.rs\/index.php\/wp-json\/wp\/v2\/tags?post=32946"}],"curies":[{"name":"wp","href":"https:\/\/api.w.org\/{rel}","templated":true}]}}