{"id":33018,"date":"2022-10-14T13:17:15","date_gmt":"2022-10-14T11:17:15","guid":{"rendered":"http:\/\/centralmedia.rs\/?p=33018"},"modified":"2022-10-17T20:30:12","modified_gmt":"2022-10-17T18:30:12","slug":"palma-srbija-nece-ici-ispod-svojih-crvenih-linija","status":"publish","type":"post","link":"https:\/\/centralmedia.rs\/index.php\/2022\/10\/14\/palma-srbija-nece-ici-ispod-svojih-crvenih-linija\/","title":{"rendered":"PALMA: SRBIJA NE\u0106E I\u0106I ISPOD SVOJIH \u201eCRVENIH \u201c LINIJA"},"content":{"rendered":"<p>Brojna obe\u0107anja koja su davali nikada nisu ispunili. Novi nema\u010dko-francuski predlog da dozvolimo da Kosovo i Metohija u\u0111e u Ujedinjene nacije, a da bismo mi zauzvrat navodno po ubrzanom modelu postali \u010dlan EU nije prihvatljiv. Niko od nas ne mo\u017ee da tra\u017ei da se odrekne KiM i svoje ku\u0107e i tako ne\u0161to ne\u0107e prihvatiti ni predsednik Aleksandar Vu\u010di\u0107, ni ve\u0107inska Srbija, ni SPS i JS. Neka svima bude jasno: Srbija nikad ne\u0107e i\u0107i ispod svojih \u201ecrvenih\u201c linija, jer ako bismo priznali takozvano nezavisno Kosovo, koje ne\u0107emo nikada priznati, onda bi usledile druge ucene, pre svega u Ra\u0161koj oblasti ili Sand\u017eaku- rekao je lider Jedinstvene Srbije Dragan Markovi\u0107 Palma za Politiku.<\/p>\n<p>Pre vi\u0161e od pola godine odr\u017eani su parlamentarni izbori i dosada jo\u0161 nije formirana Vlada Srbije. Za\u0161to se kasni?<\/p>\n<p>Ne kasni se sa obrazovanjem Vlade, jer je rok 2. novembar. \u017divimo u dinami\u010dno vreme i niko nije mogao predvideti da \u0107e ovoliko dugo da traje rat i da \u0107e energetski problem biti svakim danom sve ve\u0107i, a i da \u0107e se pojaviti nevolje i sa hranom. Vlada \u0107e biti formirana u zakonskom roku i bi\u0107e onako kako proceni predsednik Vu\u010di\u0107, koji je stalno na putu i poku\u0161ava da ostvari \u0161to bolje uslove da Srbija pregura zimu u te\u0161ko vreme. To su opravdani razlozi\u00a0 za\u0161to Vlada nije formirana.<\/p>\n<p>Za\u0161to Dragan Markovi\u0107 \u201euspe\u0161no\u201c eskivira da postane ministar?<\/p>\n<p>Ja ne \u017eelim da se bavim tom temom, ali radim kao da imam tri ministarske funkcije. Osim rada na terenu, non stop vodim privredne delegacije u svet i stvaram preduslove za ekonomsku saradanju. Gradim me\u0111unarodne kontakte sa Gr\u010dkom, Egiptom, Turkom&#8230; Za dosada\u0161nji rad sam dobio mnogo me\u0111unarodnih priznanja. Ja ho\u0107u da radim i napravim ne\u0161to konkretno za gra\u0111ane. Razlikujem se od drugih koji \u017eele da postanu ili ostanu ministri, jer njima je najve\u0107a \u017eelja da dobiju slu\u017ebeni automobil sa rotacionim svetlom, da imaju svoj kabinet&#8230; Neki od njih odavno nisu kupovali vi\u0161e \u0161tampe, kao proteklih meseci, da bi pro\u010ditali kako se njihovo ime kotira kao mogu\u0107i budu\u0107i ministar.<\/p>\n<p>Kakvi treba da budu novi ministri?<\/p>\n<p>Ministri treba da budu oni koji imaju rezultat u radu poslednjih deset godina i da se vidi da su ne\u0161to radili. Da ne bude vi\u0161e kriterijum strana\u010dka podobnost, ve\u0107 sposobnost. Trebaju nam sposobni ljudi. Pazite, mi sada imamo povoljnu situaciju u odnosu na evropske dr\u017eave kao \u0161to su Austrija, Velika Britanija, gde su cene hrane i komunalija sko\u010dile, \u0161to kod nas nije slu\u010daj i za to je neko zaslu\u017ean.<\/p>\n<p>Kada bi se pitao Dragan Markovi\u0107, da li bi Srbija uvela sankcije Rusiji?<\/p>\n<p>Ne mogu da se pitam ja,\u00a0 jer nisam ja taj koji odlu\u010duje. U politici ne postoji ljubav, ve\u0107 interes. Tu je predsednik Aleksandar Vu\u010di\u0107 da proceni gde su na\u0161i interesi, gde su nam prijatelji i \u0161ta je najbolje za Srbiju. Ako me pitate, ja sam da sad i odmah prestane rat u Ukrajini. Potrebno je taj sukob vratiti u diplomatske okvire, jer je bolje da se i 100 godina razgovara, nego da se pet minuta ratuje. Nisam za to da ginu deca, civili i da se ga\u0111aju zgrade. Sve to smo mi Srbi do\u017eiveli i znamo kako je. Da li je i ko vi\u0161e ili manje u pravu, uop\u0161te me ne interesuje. Samo prestanite da ratujete, jer svet klizi u katastrofu.<\/p>\n<p>Imali ste dobru saradnju sa pokojnim gradona\u010delnikom Zagreba Milanom Bandi\u0107em. Kako komentari\u0161ete novo zahla\u0111enje odnosa izme\u0111u Srbije i Hrvatske?<\/p>\n<p>Gospodin Bandi\u0107 i ja nismo bili za to da se bavimo istorijom i ko je bio ve\u0107i ili manji krivac. To \u0161to se dogodilo ne mo\u017ee da se zaboravi, ali mora da se krene dalje i da vidimo kako da unapredimo \u017eivot i \u0161ta je interes gra\u0111ana jedne i druge dr\u017eave. Da ne u\u010dimo na\u0161u decu da su Hrvati na\u0161i neprijatelji i obrnuto. Predsednik Srbije Vu\u010di\u0107 pru\u017ea ruku saradnje, ali ti militantni ratnohu\u0161ka\u010dki termini koje koriste Plenkovi\u0107 i Milanovi\u0107 nisu dobri, a oni misle da im donose politi\u010dke poene. Premijer Hrvatske nije imao nikad manju popularnost nego sada i to treba da ga zabrine. Srbija je prestigla Hrvatsku u ekonomskom smislu i to ne mogu da nam oproste. Tra\u017eimo da se po\u0161tuju Srbi u Hrvatskoj, koliko se po\u0161tuju Hrvati u Srbiji.<\/p>\n<p>Ove godine u Jagodini ima \u0111aka prvaka vi\u0161e nego pre godinu dana pa je moralo da se otvori jo\u0161 jedno odeljenje. \u0160ta je grad Jagodina u\u010dinio da se popravi demografska situacija?<\/p>\n<p>To nije slu\u010dajno i do toga smo do\u0161li promi\u0161ljenom politikom. Uveli smo politiku da porodica koja ima troje, \u010detvoro ili vi\u0161e dece svakog meseca dobija 200 evra i tako \u0107e biti do punoletstva. \u0110aci ne pla\u0107aju autobus, idu besplatno na more kada zavr\u0161e \u010detvrti i osmi razred, ali i srednju \u0161kolu. Vrti\u0107i su najjeftiniji u Srbiji, a studente smo pre korone svake godine vodili u Be\u010d. Kada sve to pogledamo, mi se razlikujemo od drugih gradova, jer na prvo mesto stavljamo obi\u010dnog \u010doveka. Mi smo jedini grad u republici gde odbornici ne dobijaju ni plate ni dnevnice. Ja vozim svoj automobil i nisam kupio name\u0161taj u kancelariju u op\u0161tini 24 godine.<\/p>\n<p>\u0160ta \u0107e vam, prijatelji, nove \u201e\u0161kode\u201c<\/p>\n<p>Neki drugi gradovi u Srbiji i ne posluju ba\u0161 doma\u0107inski&#8230;<\/p>\n<p>Ne posluju, ali je to problem onih koji ih vode. Recimo vi\u0161e od deset gradova u Srbiji su kupili po tri nova automobila. \u0160ta \u0107e vam, prijatelji, nove \u201e\u0161kode\u201c? \u0160ta ste uradili da olak\u0161ate \u017eivot svojim sugra\u0111anima? Neki nemaju \u0161ta da jedu, a neko je odlu\u010dio da kupuje nove automobile. Mora da se vodi ra\u010duna da se \u0161tedi i da se zna gde je ta\u010dno oti\u0161ao svaki dinar. Ne ka\u017eem da su ti ljudi stavili sebi novac u d\u017eep, ali ako ne znaju kako se doma\u0107inski raspola\u017ee novcem, neka pitaju. Ja nikom nisam uzeo ni kafu, a donatora imamo mnogo. Jagodina je jedini grad koji obelodani koji su joj donatori koji nam omogu\u0107uju da svake godine vodimo ljude u Egipat i Paraliju.<\/p>\n","protected":false},"excerpt":{"rendered":"<p>Brojna obe\u0107anja koja su davali nikada nisu ispunili. Novi nema\u010dko-francuski predlog da dozvolimo da Kosovo i Metohija u\u0111e u Ujedinjene nacije, a da bismo mi &hellip; <\/p>\n","protected":false},"author":2,"featured_media":32152,"comment_status":"open","ping_status":"open","sticky":false,"template":"","format":"standard","meta":{"footnotes":""},"categories":[1524,2,1514,5643,13,887,12],"tags":[702,120,47],"_links":{"self":[{"href":"https:\/\/centralmedia.rs\/index.php\/wp-json\/wp\/v2\/posts\/33018"}],"collection":[{"href":"https:\/\/centralmedia.rs\/index.php\/wp-json\/wp\/v2\/posts"}],"about":[{"href":"https:\/\/centralmedia.rs\/index.php\/wp-json\/wp\/v2\/types\/post"}],"author":[{"embeddable":true,"href":"https:\/\/centralmedia.rs\/index.php\/wp-json\/wp\/v2\/users\/2"}],"replies":[{"embeddable":true,"href":"https:\/\/centralmedia.rs\/index.php\/wp-json\/wp\/v2\/comments?post=33018"}],"version-history":[{"count":1,"href":"https:\/\/centralmedia.rs\/index.php\/wp-json\/wp\/v2\/posts\/33018\/revisions"}],"predecessor-version":[{"id":33019,"href":"https:\/\/centralmedia.rs\/index.php\/wp-json\/wp\/v2\/posts\/33018\/revisions\/33019"}],"wp:featuredmedia":[{"embeddable":true,"href":"https:\/\/centralmedia.rs\/index.php\/wp-json\/wp\/v2\/media\/32152"}],"wp:attachment":[{"href":"https:\/\/centralmedia.rs\/index.php\/wp-json\/wp\/v2\/media?parent=33018"}],"wp:term":[{"taxonomy":"category","embeddable":true,"href":"https:\/\/centralmedia.rs\/index.php\/wp-json\/wp\/v2\/categories?post=33018"},{"taxonomy":"post_tag","embeddable":true,"href":"https:\/\/centralmedia.rs\/index.php\/wp-json\/wp\/v2\/tags?post=33018"}],"curies":[{"name":"wp","href":"https:\/\/api.w.org\/{rel}","templated":true}]}}