{"id":33049,"date":"2022-10-17T16:20:45","date_gmt":"2022-10-17T14:20:45","guid":{"rendered":"http:\/\/centralmedia.rs\/?p=33049"},"modified":"2022-10-20T17:54:34","modified_gmt":"2022-10-20T15:54:34","slug":"palma-ne-dolaze-azilanti-dronovima-u-srbiju-niti-se-srbija-granici-sa-zemljama-odakle-dolaze-nego-sa-teritorije-evropske-unije-i-idu-ka-evropskoj-uniji","status":"publish","type":"post","link":"https:\/\/centralmedia.rs\/index.php\/2022\/10\/17\/palma-ne-dolaze-azilanti-dronovima-u-srbiju-niti-se-srbija-granici-sa-zemljama-odakle-dolaze-nego-sa-teritorije-evropske-unije-i-idu-ka-evropskoj-uniji\/","title":{"rendered":"PALMA : NE DOLAZE AZILANTI DRONOVIMA U SRBIJU, NITI SE SRBIJA GRANI\u010cI SA ZEMLjAMA ODAKLE DOLAZE, NEGO SA TERITORIJE EVROPSKE UNIJE I IDU KA EVROPSKOJ UNIJI"},"content":{"rendered":"<p>JAGODINA- \u201cU poslednje vreme svakodnevni su pritisci na Republiku Srbiju. Jedan od njih dolazi od Evropske komesarke za unutra\u0161nje poslove Ilve Johanson koja preti Srbiji ukidanjem viza zbog porasta broja tra\u017eilaca azila u dr\u017eavama \u010dlanicama Evropske unije. Sada im je Srbija de\u017eurni krivac i za azilante. Srbija se ne grani\u010di ni sa jednom zemljom iz koje azilanti dolaze. Oni ne dolaze u Srbiju dronovima ili padobranima, ve\u0107 dolaze sa teritorije Evropske unije i kre\u0107u se ka Evropskoj uniji. Srbija nije zabranjena dr\u017eava, Srbija je tranzitna i slobodna dr\u017eava za kretanje ljudi i roba i ima svoje zakone. Srbija nije kriva za stanje u tim dr\u017eavama, nismo ih mi bombardovali, pa ljudi be\u017ee. Evropskoj uniji, koja ekonomski stagnira i ima tri puta ve\u0107e cene \u017eivotnih namirnica i energenata od Srbije bi poru\u010dio da vi\u0161e ne krivi za sve Srbiju ve\u0107 da sara\u0111uje sa celim svetom\u201d, izjavio je predsednik Jedinstvene Srbije i Skup\u0161tine grada Jagodine Dragan Markovi\u0107 Palma na sve\u010danoj sednici Skup\u0161tine grada Jagodine povodom Dana oslobo\u0111enja u Drugom svetskom ratu.<\/p>\n<div id='gallery-1' class='gallery galleryid-33049 gallery-columns-4 gallery-size-thumbnail'><figure class='gallery-item'>\n\t\t\t<div class='gallery-icon portrait'>\n\t\t\t\t<a href='https:\/\/centralmedia.rs\/index.php\/2022\/10\/17\/palma-ne-dolaze-azilanti-dronovima-u-srbiju-niti-se-srbija-granici-sa-zemljama-odakle-dolaze-nego-sa-teritorije-evropske-unije-i-idu-ka-evropskoj-uniji\/dodela-nagrada-6\/'><img loading=\"lazy\" decoding=\"async\" width=\"150\" height=\"150\" src=\"https:\/\/centralmedia.rs\/wp-content\/uploads\/2022\/10\/DODELA-NAGRADA-150x150.jpg\" class=\"attachment-thumbnail size-thumbnail\" alt=\"\" \/><\/a>\n\t\t\t<\/div><\/figure><figure class='gallery-item'>\n\t\t\t<div class='gallery-icon landscape'>\n\t\t\t\t<a href='https:\/\/centralmedia.rs\/index.php\/2022\/10\/17\/palma-ne-dolaze-azilanti-dronovima-u-srbiju-niti-se-srbija-granici-sa-zemljama-odakle-dolaze-nego-sa-teritorije-evropske-unije-i-idu-ka-evropskoj-uniji\/nagradjeni-17-oktobar\/'><img loading=\"lazy\" decoding=\"async\" width=\"150\" height=\"150\" src=\"https:\/\/centralmedia.rs\/wp-content\/uploads\/2022\/10\/NAGRADJENI-17-OKTOBAR-150x150.jpg\" class=\"attachment-thumbnail size-thumbnail\" alt=\"\" \/><\/a>\n\t\t\t<\/div><\/figure><figure class='gallery-item'>\n\t\t\t<div class='gallery-icon landscape'>\n\t\t\t\t<a href='https:\/\/centralmedia.rs\/index.php\/2022\/10\/17\/palma-ne-dolaze-azilanti-dronovima-u-srbiju-niti-se-srbija-granici-sa-zemljama-odakle-dolaze-nego-sa-teritorije-evropske-unije-i-idu-ka-evropskoj-uniji\/palma-52\/'><img loading=\"lazy\" decoding=\"async\" width=\"150\" height=\"150\" src=\"https:\/\/centralmedia.rs\/wp-content\/uploads\/2022\/10\/PALMA-150x150.jpg\" class=\"attachment-thumbnail size-thumbnail\" alt=\"\" \/><\/a>\n\t\t\t<\/div><\/figure><figure class='gallery-item'>\n\t\t\t<div class='gallery-icon landscape'>\n\t\t\t\t<a href='https:\/\/centralmedia.rs\/index.php\/2022\/10\/17\/palma-ne-dolaze-azilanti-dronovima-u-srbiju-niti-se-srbija-granici-sa-zemljama-odakle-dolaze-nego-sa-teritorije-evropske-unije-i-idu-ka-evropskoj-uniji\/svecana-sednica\/'><img loading=\"lazy\" decoding=\"async\" width=\"150\" height=\"150\" src=\"https:\/\/centralmedia.rs\/wp-content\/uploads\/2022\/10\/SVE\u010cANA-SEDNICA-150x150.jpg\" class=\"attachment-thumbnail size-thumbnail\" alt=\"\" \/><\/a>\n\t\t\t<\/div><\/figure>\n\t\t<\/div>\n\n<p>\u201c\u010cesto me pitaju da li sam za Rusiju ili Ukrajinu, a moj odgovor je \u201cja sam za mir i da prestane rat sad i odmah\u201d. Jedina dr\u017eava koja imaj korist od tog rata su Sjedinjene Ameri\u010dke Dr\u017eave, jer dolar raste, evro pada, a ameri\u010dki gas se prodaje skuplje vi\u0161e puta od ruskog zbog sankcija. I Evropska unija i SAD treba da prestanu da za sve i sva\u0161ta krive Srbiju. Nismo krivi ni za rat izme\u0111u Rusije i Ukrajine, ni za azilante, ni za ekonomsku stagnaciju Evropske unije. Srbija je pod vodstvom Aleksandra Vu\u010di\u0107a otvorena, slobodna i ekonomski napredna zemlja\u201d, kazao je Markovi\u0107. Dragan Markovi\u0107 Palma je podneo i Izve\u0161taj o radu gradske uprave u Jagodini izme\u0111u dve sve\u010dane sednice, koji je propra\u0107en aplauzom prisutnih. Podeljene su 44 oktobarske nagrade, a svaku prati i nov\u010dani iznos od 50 000 dinara. \u201c U Jagodini se ne nagra\u0111uju politi\u010dari niti direktori javnih preduze\u0107a, jer je njihov posao da vode brigu o gradu i gra\u0111anima. Ja nikada ne bi primio nagradu za ne\u0161to \u0161to sam uradio u Jagodini, jer je to moj posao. I ove godine 23 oktobarske nagrade dodelili smo najboljim u\u010denicima osnovnih i srednjih \u0161kola, a ostale zaslu\u017enim pojedincima i organizacijama, zdravstvenim radnicima, humanitarnim radnicima, policajcima, vatrogascima, najuspe\u0161nijim sportistima\u2026 Kod nas je jedini kriterijum za nagradu uspeh, a ne politi\u010dka pripadnost ili funkcija\u201d, rekao je Dragan Markovi\u0107 Palma. On je podnose\u0107i izve\u0161taj o radu kazao i da je popis stanovni\u0161tva 2011. godine pokazao da u Jagodini \u017eivi 440 porodica vi\u0161e nego prilikom prethodnog popisa, a, kako je rekao, nakon ovog popisa koji je u toku, o\u010dekujem da u Jagodini bude 1500 porodica vi\u0161e nego na poslednjem popisu. Markovi\u0107 se zahvalio na saradnji svim odborni\u010dkim grupama. Sve\u010danoj sednici Skup\u0161tine grada Jagodine prisustvovali su predstavnici Srpske pavoslavne crkve, policije, vojske, pravosudnih organa, zdravstva, prosvete, privrede, kao i odbornici u Skup\u0161tini grada Jagodine, direktori javnih preduze\u0107a.<\/p>\n","protected":false},"excerpt":{"rendered":"<p>JAGODINA- \u201cU poslednje vreme svakodnevni su pritisci na Republiku Srbiju. Jedan od njih dolazi od Evropske komesarke za unutra\u0161nje poslove Ilve Johanson koja preti Srbiji &hellip; <\/p>\n","protected":false},"author":2,"featured_media":33050,"comment_status":"open","ping_status":"open","sticky":false,"template":"","format":"standard","meta":{"footnotes":""},"categories":[1524,2,5643,1514,13,887,12],"tags":[139,1324,58,120],"_links":{"self":[{"href":"https:\/\/centralmedia.rs\/index.php\/wp-json\/wp\/v2\/posts\/33049"}],"collection":[{"href":"https:\/\/centralmedia.rs\/index.php\/wp-json\/wp\/v2\/posts"}],"about":[{"href":"https:\/\/centralmedia.rs\/index.php\/wp-json\/wp\/v2\/types\/post"}],"author":[{"embeddable":true,"href":"https:\/\/centralmedia.rs\/index.php\/wp-json\/wp\/v2\/users\/2"}],"replies":[{"embeddable":true,"href":"https:\/\/centralmedia.rs\/index.php\/wp-json\/wp\/v2\/comments?post=33049"}],"version-history":[{"count":1,"href":"https:\/\/centralmedia.rs\/index.php\/wp-json\/wp\/v2\/posts\/33049\/revisions"}],"predecessor-version":[{"id":33055,"href":"https:\/\/centralmedia.rs\/index.php\/wp-json\/wp\/v2\/posts\/33049\/revisions\/33055"}],"wp:featuredmedia":[{"embeddable":true,"href":"https:\/\/centralmedia.rs\/index.php\/wp-json\/wp\/v2\/media\/33050"}],"wp:attachment":[{"href":"https:\/\/centralmedia.rs\/index.php\/wp-json\/wp\/v2\/media?parent=33049"}],"wp:term":[{"taxonomy":"category","embeddable":true,"href":"https:\/\/centralmedia.rs\/index.php\/wp-json\/wp\/v2\/categories?post=33049"},{"taxonomy":"post_tag","embeddable":true,"href":"https:\/\/centralmedia.rs\/index.php\/wp-json\/wp\/v2\/tags?post=33049"}],"curies":[{"name":"wp","href":"https:\/\/api.w.org\/{rel}","templated":true}]}}