{"id":3307,"date":"2016-06-08T07:37:34","date_gmt":"2016-06-08T07:37:34","guid":{"rendered":"http:\/\/centralmedia.rs\/?p=3307"},"modified":"2017-01-20T02:07:29","modified_gmt":"2017-01-20T02:07:29","slug":"lakse-zaposljavanje-dece-bez-roditelja-palih-boraca","status":"publish","type":"post","link":"https:\/\/centralmedia.rs\/index.php\/2016\/06\/08\/lakse-zaposljavanje-dece-bez-roditelja-palih-boraca\/","title":{"rendered":"LAK\u0160E ZAPO\u0160LJAVANJE DECE BEZ RODITELJA I PALIH BORACA"},"content":{"rendered":"<p>\u0106UPRIJA-Ministar za rad, zapo\u0161ljavanje, bora\u010dka i socijalna pitanja Aleksandar Vulin izjavio je u \u0106upriji da \u0107e plan aktivnih mera zapo\u0161ljavanja za narednu godinu predviteti da za zapo\u0161ljavanje dece bez roditeljskog staranja i palih boraca, kao kategorija koja imaju prioritet, poslodavcima obezbediti dodatne subvencije.<br \/>\n-U Srbiji ima oko 7.000 dece bez roditeljskog staranja, vi\u0161e od 6.000 u hraniteljskim porodicama, dok je oko 800 u institucijama. Skoro 1.000 je uzrasta od 18 do 27 godina, dakle u period kada se razmi\u0161lja o napu\u0161tanju sistema socijalne za\u0161tite i pronala\u017eenju posla, kazao je on i dodao da ti mladi ljudi treba da u\u010de jer samo tri odsto dece bez roditeljskog staranja upi\u0161u fakultete.<br \/>\nVulin je u Centru za porodi\u010dni sme\u0161aj i usvojenje u \u0106upriji prisustvovao edukativnoj radionici &#8220;Budi svoj&#8221;, namenjenoj mladima bez roditeljskog staranja, uzrasta od 15 do 25 godina u cilju pripreme za uspe\u0161an izlaza iz sistema socijalne za\u0161tite. Radionici je prisustvovalo i dvadesetak mladih iz \u0161est gradova Pomoravskog okruga.<br \/>\nVulin je kazao da deca bez roditeljskog staranja zaslu\u017euju da im se ponudi posao u skladu sa njihovim obrazovanjem,<br \/>\n-Ho\u0107emo da toj deci damo \u0161ansu da im se ponudi posao u skladu sa njihovim obrazovanjem. Trudimo se da taj korak osamostaljivanja, uz pomo\u0107 donatora, bude lak\u0161i i sigurniji jer ova deca nemaju kome da se obrate nakon \u0161to napuste hraniteljske porodice, rekao je Vulin i istakao da je ,,u sistemu i vremenu u kojem \u017eivimo obrazovanje neophodno&#8221;, kao i da bez najvi\u0161ih stepena znanja nema uspeha.<br \/>\nDecu, koja su prisustvovala radionici, predstavnica Vojvo\u0111anske banke Zorica D\u017eida obradovala je ve\u0161\u0107u da \u0107e desetoro dece besplatno letovati u Igalu, dok je poverenik manastira Hilandar i predsednik UO te ustanove Milo\u0161 Stojkovi\u0107 saop\u0161tio da \u0107e manastir obezbediti boravak za jo\u0161 desetoro dece u kampu na Zlatiboru ovog leta gde \u0107e boraviti oko 500 dece iz Srbije i sa Kosova i Metohije.<br \/>\n-Obezbedi\u0107emo sedmodnevni odmor na Zlatiboru za desetoro u\u010desnika ove radionice. Kamp se organizuje pod pokroviteljstvom manastira Hilandar, op\u0161tine \u010cajetina i podr\u0161ku ministra Vulina. Trudi\u0107imo se da rad ovog centra nizom drugih aktivnsoti podspe\u0161i, kao i \u017eivot ove dece, jer je na\u0161 zajedni\u010dki zadatak da njihov \u017eivot u\u010dinimo lep\u0161im i sre\u0107nim, rekao je Stojkovi\u0107<br \/>\nRadionici je prisustvovao i predsednik Skup\u0161tine op\u0161tine \u0106uprija Branimir Tazi\u0107 koji je rekao da op\u0161tina podr\u017eava taj projekat i da nastoji da sve privredne subjekte i kompanije obavesti o zna\u010daju zapo\u0161ljavanja te omladine kako bi se pove\u0107ala mogu\u0107nost njihovog osamostaljivanja.<br \/>\nCentar za porodi\u010dni sme\u0161taj i usvojenje u \u0106upriji, koji je osnovan 2011. godine, pru\u017ea stru\u010dnu pomo\u0107 hraniteljskim porodicama i usvojiteljima. Taj centar pokriva tri okruga, Pomoravski, Timo\u010dki i Brani\u010devski, gde je oko 500 dece sme\u0161teno u 300 hraniteljskih porodica.<\/p>\n<p><strong><em>Pozitivni primeri Razglednica iz <\/em><\/strong><strong><em>\u0106uprije<\/em><\/strong><strong><em> \u2013 Projekat se realizuje uz pomo\u0107 sredstava iz bud\u017eeta Op\u0161tine \u0106uprija.<\/em><\/strong><\/p>\n<p>&nbsp;<\/p>\n","protected":false},"excerpt":{"rendered":"<p>\u0106UPRIJA-Ministar za rad, zapo\u0161ljavanje, bora\u010dka i socijalna pitanja Aleksandar Vulin izjavio je u \u0106upriji da \u0107e plan aktivnih mera zapo\u0161ljavanja za narednu godinu predviteti da &hellip; <\/p>\n","protected":false},"author":4,"featured_media":3308,"comment_status":"open","ping_status":"open","sticky":false,"template":"","format":"standard","meta":{"footnotes":""},"categories":[1515,14,1524,2,12],"tags":[718,849,44],"_links":{"self":[{"href":"https:\/\/centralmedia.rs\/index.php\/wp-json\/wp\/v2\/posts\/3307"}],"collection":[{"href":"https:\/\/centralmedia.rs\/index.php\/wp-json\/wp\/v2\/posts"}],"about":[{"href":"https:\/\/centralmedia.rs\/index.php\/wp-json\/wp\/v2\/types\/post"}],"author":[{"embeddable":true,"href":"https:\/\/centralmedia.rs\/index.php\/wp-json\/wp\/v2\/users\/4"}],"replies":[{"embeddable":true,"href":"https:\/\/centralmedia.rs\/index.php\/wp-json\/wp\/v2\/comments?post=3307"}],"version-history":[{"count":0,"href":"https:\/\/centralmedia.rs\/index.php\/wp-json\/wp\/v2\/posts\/3307\/revisions"}],"wp:featuredmedia":[{"embeddable":true,"href":"https:\/\/centralmedia.rs\/index.php\/wp-json\/wp\/v2\/media\/3308"}],"wp:attachment":[{"href":"https:\/\/centralmedia.rs\/index.php\/wp-json\/wp\/v2\/media?parent=3307"}],"wp:term":[{"taxonomy":"category","embeddable":true,"href":"https:\/\/centralmedia.rs\/index.php\/wp-json\/wp\/v2\/categories?post=3307"},{"taxonomy":"post_tag","embeddable":true,"href":"https:\/\/centralmedia.rs\/index.php\/wp-json\/wp\/v2\/tags?post=3307"}],"curies":[{"name":"wp","href":"https:\/\/api.w.org\/{rel}","templated":true}]}}