{"id":33077,"date":"2022-10-20T12:48:42","date_gmt":"2022-10-20T10:48:42","guid":{"rendered":"http:\/\/centralmedia.rs\/?p=33077"},"modified":"2022-10-26T01:08:22","modified_gmt":"2022-10-25T23:08:22","slug":"jagodina-nagradila-saru-lozo-jagodina-je-nabolji-grad-u-srbiji","status":"publish","type":"post","link":"https:\/\/centralmedia.rs\/index.php\/2022\/10\/20\/jagodina-nagradila-saru-lozo-jagodina-je-nabolji-grad-u-srbiji\/","title":{"rendered":"JAGODINA NAGRADILA SARU LOZO:  ,,Jagodina je nabolji grad u Srbiji\u201c"},"content":{"rendered":"<p>JAGODINA- Predsednik Skup\u0161tine grada Jagodina Dragan amrkovi\u0107 Palma priredio je prijem za svetsku \u0161ampionku Saru Lozo, \u010dlana prve postave odbojka\u0161ke reprezentacije Srbije. Grad je nagradio Saru za osvojenu titulu na Svetskom prvenstvu.<\/p>\n<p>-Zahvaljujem se Draganu Markovi\u0107u Palmi i Jagodini na velikoj podr\u0161ci, na tome \u0161to su nas pratili tokom celog prvenstva, zato \u0161to ula\u017eu u sport jer imamo uspe\u0161ne sportiste. Ponosna sam \u0161to sam iz Jagodine i to uvek isti\u010dem, jer je Jagodina za mene najbolji grad u Srbiji. Zahvalila bih se na nov\u010danoj nagradi koju sam dobila. Nadam se da \u0107e uspeh reprezentacije biti podstrek za devoj\u010dice i de\u010dake da se bave sportom, kazala je Sara Lozo.<\/p>\n<p>Sara i Markovi\u0107 su razmenili dresove.<\/p>\n<div id='gallery-1' class='gallery galleryid-33077 gallery-columns-2 gallery-size-full'><figure class='gallery-item'>\n\t\t\t<div class='gallery-icon landscape'>\n\t\t\t\t<a href='https:\/\/centralmedia.rs\/index.php\/2022\/10\/20\/jagodina-nagradila-saru-lozo-jagodina-je-nabolji-grad-u-srbiji\/sara1-5\/'><img loading=\"lazy\" decoding=\"async\" width=\"1800\" height=\"875\" src=\"https:\/\/centralmedia.rs\/wp-content\/uploads\/2022\/10\/sara1.jpg\" class=\"attachment-full size-full\" alt=\"\" srcset=\"https:\/\/centralmedia.rs\/wp-content\/uploads\/2022\/10\/sara1.jpg 1800w, https:\/\/centralmedia.rs\/wp-content\/uploads\/2022\/10\/sara1-300x146.jpg 300w, https:\/\/centralmedia.rs\/wp-content\/uploads\/2022\/10\/sara1-768x373.jpg 768w, https:\/\/centralmedia.rs\/wp-content\/uploads\/2022\/10\/sara1-1024x498.jpg 1024w, https:\/\/centralmedia.rs\/wp-content\/uploads\/2022\/10\/sara1-864x420.jpg 864w, https:\/\/centralmedia.rs\/wp-content\/uploads\/2022\/10\/sara1-640x311.jpg 640w, https:\/\/centralmedia.rs\/wp-content\/uploads\/2022\/10\/sara1-681x331.jpg 681w\" sizes=\"(max-width: 1800px) 100vw, 1800px\" \/><\/a>\n\t\t\t<\/div><\/figure><figure class='gallery-item'>\n\t\t\t<div class='gallery-icon landscape'>\n\t\t\t\t<a href='https:\/\/centralmedia.rs\/index.php\/2022\/10\/20\/jagodina-nagradila-saru-lozo-jagodina-je-nabolji-grad-u-srbiji\/sara2-4\/'><img loading=\"lazy\" decoding=\"async\" width=\"1800\" height=\"875\" src=\"https:\/\/centralmedia.rs\/wp-content\/uploads\/2022\/10\/sara2.jpg\" class=\"attachment-full size-full\" alt=\"\" srcset=\"https:\/\/centralmedia.rs\/wp-content\/uploads\/2022\/10\/sara2.jpg 1800w, https:\/\/centralmedia.rs\/wp-content\/uploads\/2022\/10\/sara2-300x146.jpg 300w, https:\/\/centralmedia.rs\/wp-content\/uploads\/2022\/10\/sara2-768x373.jpg 768w, https:\/\/centralmedia.rs\/wp-content\/uploads\/2022\/10\/sara2-1024x498.jpg 1024w, https:\/\/centralmedia.rs\/wp-content\/uploads\/2022\/10\/sara2-864x420.jpg 864w, https:\/\/centralmedia.rs\/wp-content\/uploads\/2022\/10\/sara2-640x311.jpg 640w, https:\/\/centralmedia.rs\/wp-content\/uploads\/2022\/10\/sara2-681x331.jpg 681w\" sizes=\"(max-width: 1800px) 100vw, 1800px\" \/><\/a>\n\t\t\t<\/div><\/figure>\n\t\t<\/div>\n\n<p>-Grad Jagodina se ponosi Sarom i nagradi\u0107emo je za uspeh. Reprezentacija Srbije u odbojci osvojila je prvo mesto na Svetskom prvenstvu sa Sarom u prvoj postavi. Mo\u017eemo slobodno da ka\u017eemo da sport u Srbiji nikada nije imao ve\u0107u podr\u0161ku kao u poslednjih 7,8 godina. Ranije su se politi\u010dari samo fotografisali \u00a0i delili balkon sa sportistima. Intenzivan ekonomski razvoj doprineo je da lak\u0161e podnosimo krizu. Zato je \u0161lag na torti uspeh u odbojci i na\u0161a Sara koja je iz sportske i \u010dasne porodice, njen otac se uspe\u0161no bavio karateom. Te\u0161ko je probiti se u svetu, jer je Sara igrala za klubove iz Kazahstana i Rusije, a sada je u Japanu. Velika upornost,rad i trud. Ona je postala idol devoj\u010dicama i de\u010dacima koji imaju talenat za sport. Ju\u010de prvo obi\u0161la \u0161kolu u Jagodini i nai\u0161la na ovacije dece, predla\u017eem da obi\u0111e jo\u0161 nekoliko \u0161kola i da kamere snime te doga\u0111aje, da po\u0161alje poruku deci da svaki rad i trud donose rezultat, rekao je Markovi\u0107 i dodao:<\/p>\n<p>-Gledao sam sve utakmice na\u0161e reprezentacije. Posebno sam ponosan kada je Sara bila u prvoj postavi na finalnoj utakmici. Prethodno je imala povredu ruke i poslala poruku selektoru da je ruka vi\u0161e ne boli, odnosno igrala je sa povre\u0111enom rukom finale i tako se brane boje Srbije. Impresionira me intoniranje srpske himne, vijorenje na\u0161e zastave, to su simboli Srbije. Jagodina ima uspe\u0161ne sportiste, ali niko nije kao Sara. Ona se sama izborila za svetski vrh po\u0161av\u0161i iz Jagodine kao devoj\u010dica u beli svet. Sama se izborila i za mesto u reprezentaciji zahvalju\u0107i kvalitetu i na prvom takmi\u010denju osvojila zlato, istakao je Dragan Markovi\u0107 Palma<\/p>\n<p>&nbsp;<\/p>\n","protected":false},"excerpt":{"rendered":"<p>JAGODINA- Predsednik Skup\u0161tine grada Jagodina Dragan amrkovi\u0107 Palma priredio je prijem za svetsku \u0161ampionku Saru Lozo, \u010dlana prve postave odbojka\u0161ke reprezentacije Srbije. Grad je nagradio &hellip; <\/p>\n","protected":false},"author":2,"featured_media":33078,"comment_status":"open","ping_status":"open","sticky":false,"template":"","format":"standard","meta":{"footnotes":""},"categories":[1524,2,1514,5643,887,21,12],"tags":[58,799,1409,120,1410],"_links":{"self":[{"href":"https:\/\/centralmedia.rs\/index.php\/wp-json\/wp\/v2\/posts\/33077"}],"collection":[{"href":"https:\/\/centralmedia.rs\/index.php\/wp-json\/wp\/v2\/posts"}],"about":[{"href":"https:\/\/centralmedia.rs\/index.php\/wp-json\/wp\/v2\/types\/post"}],"author":[{"embeddable":true,"href":"https:\/\/centralmedia.rs\/index.php\/wp-json\/wp\/v2\/users\/2"}],"replies":[{"embeddable":true,"href":"https:\/\/centralmedia.rs\/index.php\/wp-json\/wp\/v2\/comments?post=33077"}],"version-history":[{"count":3,"href":"https:\/\/centralmedia.rs\/index.php\/wp-json\/wp\/v2\/posts\/33077\/revisions"}],"predecessor-version":[{"id":33083,"href":"https:\/\/centralmedia.rs\/index.php\/wp-json\/wp\/v2\/posts\/33077\/revisions\/33083"}],"wp:featuredmedia":[{"embeddable":true,"href":"https:\/\/centralmedia.rs\/index.php\/wp-json\/wp\/v2\/media\/33078"}],"wp:attachment":[{"href":"https:\/\/centralmedia.rs\/index.php\/wp-json\/wp\/v2\/media?parent=33077"}],"wp:term":[{"taxonomy":"category","embeddable":true,"href":"https:\/\/centralmedia.rs\/index.php\/wp-json\/wp\/v2\/categories?post=33077"},{"taxonomy":"post_tag","embeddable":true,"href":"https:\/\/centralmedia.rs\/index.php\/wp-json\/wp\/v2\/tags?post=33077"}],"curies":[{"name":"wp","href":"https:\/\/api.w.org\/{rel}","templated":true}]}}