{"id":33088,"date":"2022-10-25T15:35:05","date_gmt":"2022-10-25T13:35:05","guid":{"rendered":"http:\/\/centralmedia.rs\/?p=33088"},"modified":"2022-11-02T18:48:43","modified_gmt":"2022-11-02T17:48:43","slug":"25-oktobar-dan-oslobodenja-jagodine-u-velikom-ratu","status":"publish","type":"post","link":"https:\/\/centralmedia.rs\/index.php\/2022\/10\/25\/25-oktobar-dan-oslobodenja-jagodine-u-velikom-ratu\/","title":{"rendered":"25. OKTOBAR DAN OSLOBO\u0110ENJA JAGODINE U VELIKOM RATU"},"content":{"rendered":"<p>JAGODINA-Polaganjem venaca na Spomenik poginulima u oslobodila\u010dkim ratovima Srbije 1912-1918. godine, na Skveru omladine i pomenom poginulima, Jagodina je danas obele\u017eila 104. godine od slobo\u0111enja u Prvom svetskom ratu.<\/p>\n<p>Venac ispred Skup\u0161tine grada polo\u017eili su gradona\u010dlenik Ratko Stevanovi\u0107 i zamenica predsednika Skup\u0161tine grada Sne\u017eana Vuka\u0161inovi\u0107.<\/p>\n<p>Jagodinu je oslobodila srpska vojska \u00a0trupe pod komandom konji\u010dkog majora Du\u0161ana Dodi\u0107a.<\/p>\n<p>Dan oslobo\u0111enja u Prvom svetskom ratu, nizom manifestacija danas su obele\u017eili i gra\u0111ani \u0106uprije, dok je Para\u0107in oslobo\u0111en 23. oktobra, Rekovac 24, a 26. i 27. oktobra Despotovac i Svilajnac.<\/p>\n","protected":false},"excerpt":{"rendered":"<p>JAGODINA-Polaganjem venaca na Spomenik poginulima u oslobodila\u010dkim ratovima Srbije 1912-1918. godine, na Skveru omladine i pomenom poginulima, Jagodina je danas obele\u017eila 104. godine od slobo\u0111enja &hellip; <\/p>\n","protected":false},"author":2,"featured_media":28820,"comment_status":"open","ping_status":"open","sticky":false,"template":"","format":"standard","meta":{"footnotes":""},"categories":[14,1524,2,1514,5643,887,12],"tags":[58,3217,3254],"_links":{"self":[{"href":"https:\/\/centralmedia.rs\/index.php\/wp-json\/wp\/v2\/posts\/33088"}],"collection":[{"href":"https:\/\/centralmedia.rs\/index.php\/wp-json\/wp\/v2\/posts"}],"about":[{"href":"https:\/\/centralmedia.rs\/index.php\/wp-json\/wp\/v2\/types\/post"}],"author":[{"embeddable":true,"href":"https:\/\/centralmedia.rs\/index.php\/wp-json\/wp\/v2\/users\/2"}],"replies":[{"embeddable":true,"href":"https:\/\/centralmedia.rs\/index.php\/wp-json\/wp\/v2\/comments?post=33088"}],"version-history":[{"count":1,"href":"https:\/\/centralmedia.rs\/index.php\/wp-json\/wp\/v2\/posts\/33088\/revisions"}],"predecessor-version":[{"id":33089,"href":"https:\/\/centralmedia.rs\/index.php\/wp-json\/wp\/v2\/posts\/33088\/revisions\/33089"}],"wp:featuredmedia":[{"embeddable":true,"href":"https:\/\/centralmedia.rs\/index.php\/wp-json\/wp\/v2\/media\/28820"}],"wp:attachment":[{"href":"https:\/\/centralmedia.rs\/index.php\/wp-json\/wp\/v2\/media?parent=33088"}],"wp:term":[{"taxonomy":"category","embeddable":true,"href":"https:\/\/centralmedia.rs\/index.php\/wp-json\/wp\/v2\/categories?post=33088"},{"taxonomy":"post_tag","embeddable":true,"href":"https:\/\/centralmedia.rs\/index.php\/wp-json\/wp\/v2\/tags?post=33088"}],"curies":[{"name":"wp","href":"https:\/\/api.w.org\/{rel}","templated":true}]}}