{"id":33128,"date":"2022-10-27T20:21:07","date_gmt":"2022-10-27T18:21:07","guid":{"rendered":"http:\/\/centralmedia.rs\/?p=33128"},"modified":"2022-10-27T20:21:14","modified_gmt":"2022-10-27T18:21:14","slug":"skola-u-vrlanu","status":"publish","type":"post","link":"https:\/\/centralmedia.rs\/index.php\/2022\/10\/27\/skola-u-vrlanu\/","title":{"rendered":"\u0160KOLA U VRLANU"},"content":{"rendered":"<p>SVILAJNAC- Po\u010deli su radovi na rekonstrukciji \u0161kole u Vrlanu, koje je obi\u0161ao predsednik op\u0161tine Svilajnac Predrag Milanovi\u0107.<\/p>\n<div id='gallery-1' class='gallery galleryid-33128 gallery-columns-3 gallery-size-thumbnail'><figure class='gallery-item'>\n\t\t\t<div class='gallery-icon landscape'>\n\t\t\t\t<a href='https:\/\/centralmedia.rs\/index.php\/2022\/10\/27\/skola-u-vrlanu\/vrlane1\/'><img loading=\"lazy\" decoding=\"async\" width=\"150\" height=\"150\" src=\"https:\/\/centralmedia.rs\/wp-content\/uploads\/2022\/10\/vrlane1-150x150.jpg\" class=\"attachment-thumbnail size-thumbnail\" alt=\"\" \/><\/a>\n\t\t\t<\/div><\/figure><figure class='gallery-item'>\n\t\t\t<div class='gallery-icon landscape'>\n\t\t\t\t<a href='https:\/\/centralmedia.rs\/index.php\/2022\/10\/27\/skola-u-vrlanu\/vrlane2\/'><img loading=\"lazy\" decoding=\"async\" width=\"150\" height=\"150\" src=\"https:\/\/centralmedia.rs\/wp-content\/uploads\/2022\/10\/vrlane2-150x150.jpg\" class=\"attachment-thumbnail size-thumbnail\" alt=\"\" \/><\/a>\n\t\t\t<\/div><\/figure><figure class='gallery-item'>\n\t\t\t<div class='gallery-icon landscape'>\n\t\t\t\t<a href='https:\/\/centralmedia.rs\/index.php\/2022\/10\/27\/skola-u-vrlanu\/vrlane3\/'><img loading=\"lazy\" decoding=\"async\" width=\"150\" height=\"150\" src=\"https:\/\/centralmedia.rs\/wp-content\/uploads\/2022\/10\/vrlane3-150x150.jpg\" class=\"attachment-thumbnail size-thumbnail\" alt=\"\" \/><\/a>\n\t\t\t<\/div><\/figure>\n\t\t<\/div>\n\n<p>Projektom rekonstrukcije, koji op\u0161tina Svilajnac sprovodi u saradnji sa Ministarstvom rudarstva i energetike, predvi\u0111ena je izrada termoizolacije, zamena spolja\u0161nje stolarije, rekonstrukcija krova, postavljanje nove unutra\u0161nje rasvete, kre\u010denje i grejanje:<\/p>\n<p>\u201eSa jedne strane pove\u0107a\u0107e se znatno energetska efikasnost ovog objekta, \u0161to je izuzetno va\u017eno u dana\u0161nje vreme, ne samo na svim javnim nego i na privatnim objektima, a sa druge strane mi se trudimo da sva deca imaju pribli\u017ene uslove za u\u010denje i razvoj, kako u selima tako i u gradu.\u201c \u2013 izjavio je Milanovi\u0107.<\/p>\n<p>\u0160kola u Vrlanu jedno od je od devet izdvojenih odeljenja O\u0160 \u201eJovan Jovanovi\u0107 Zmaj\u201c iz Svilajnca, a direktor te \u0161kole Nenad Stojkovi\u0107 istakao je da su energenti obezbe\u0111eni za sva izdvojena odeljenja i mati\u010dnu \u0161kolu i da je sve spremno za grejnu sezonu.<\/p>\n","protected":false},"excerpt":{"rendered":"<p>SVILAJNAC- Po\u010deli su radovi na rekonstrukciji \u0161kole u Vrlanu, koje je obi\u0161ao predsednik op\u0161tine Svilajnac Predrag Milanovi\u0107. Projektom rekonstrukcije, koji op\u0161tina Svilajnac sprovodi u saradnji &hellip; <\/p>\n","protected":false},"author":2,"featured_media":33129,"comment_status":"open","ping_status":"open","sticky":false,"template":"","format":"standard","meta":{"footnotes":""},"categories":[14,1524,2,887,12,1517,5785],"tags":[497,38,4939],"_links":{"self":[{"href":"https:\/\/centralmedia.rs\/index.php\/wp-json\/wp\/v2\/posts\/33128"}],"collection":[{"href":"https:\/\/centralmedia.rs\/index.php\/wp-json\/wp\/v2\/posts"}],"about":[{"href":"https:\/\/centralmedia.rs\/index.php\/wp-json\/wp\/v2\/types\/post"}],"author":[{"embeddable":true,"href":"https:\/\/centralmedia.rs\/index.php\/wp-json\/wp\/v2\/users\/2"}],"replies":[{"embeddable":true,"href":"https:\/\/centralmedia.rs\/index.php\/wp-json\/wp\/v2\/comments?post=33128"}],"version-history":[{"count":1,"href":"https:\/\/centralmedia.rs\/index.php\/wp-json\/wp\/v2\/posts\/33128\/revisions"}],"predecessor-version":[{"id":33133,"href":"https:\/\/centralmedia.rs\/index.php\/wp-json\/wp\/v2\/posts\/33128\/revisions\/33133"}],"wp:featuredmedia":[{"embeddable":true,"href":"https:\/\/centralmedia.rs\/index.php\/wp-json\/wp\/v2\/media\/33129"}],"wp:attachment":[{"href":"https:\/\/centralmedia.rs\/index.php\/wp-json\/wp\/v2\/media?parent=33128"}],"wp:term":[{"taxonomy":"category","embeddable":true,"href":"https:\/\/centralmedia.rs\/index.php\/wp-json\/wp\/v2\/categories?post=33128"},{"taxonomy":"post_tag","embeddable":true,"href":"https:\/\/centralmedia.rs\/index.php\/wp-json\/wp\/v2\/tags?post=33128"}],"curies":[{"name":"wp","href":"https:\/\/api.w.org\/{rel}","templated":true}]}}