{"id":33150,"date":"2022-11-01T20:37:25","date_gmt":"2022-11-01T19:37:25","guid":{"rendered":"http:\/\/centralmedia.rs\/?p=33150"},"modified":"2022-11-02T18:47:34","modified_gmt":"2022-11-02T17:47:34","slug":"pocetak-grejne-sezone-u-svilajncu","status":"publish","type":"post","link":"https:\/\/centralmedia.rs\/index.php\/2022\/11\/01\/pocetak-grejne-sezone-u-svilajncu\/","title":{"rendered":"PO\u010cETAK GREJNE SEZONE U SVILAJNCU"},"content":{"rendered":"<p>SVILAJNAC-Predsednik op\u0161tine Svilajnac Predrag Milanovi\u0107 obi\u0161ao je danas toplanu u Svilajncu u kojoj se danas i sutra izvode tople probe, nakon kojih zvani\u010dno po\u010dinje grejna sezona.<\/p>\n<div id='gallery-1' class='gallery galleryid-33150 gallery-columns-3 gallery-size-thumbnail'><figure class='gallery-item'>\n\t\t\t<div class='gallery-icon landscape'>\n\t\t\t\t<a href='https:\/\/centralmedia.rs\/index.php\/2022\/11\/01\/pocetak-grejne-sezone-u-svilajncu\/tolana-svilajnac1\/'><img loading=\"lazy\" decoding=\"async\" width=\"150\" height=\"150\" src=\"https:\/\/centralmedia.rs\/wp-content\/uploads\/2022\/11\/tolana-svilajnac1-150x150.jpg\" class=\"attachment-thumbnail size-thumbnail\" alt=\"\" \/><\/a>\n\t\t\t<\/div><\/figure><figure class='gallery-item'>\n\t\t\t<div class='gallery-icon landscape'>\n\t\t\t\t<a href='https:\/\/centralmedia.rs\/index.php\/2022\/11\/01\/pocetak-grejne-sezone-u-svilajncu\/tolana-svilajnac2\/'><img loading=\"lazy\" decoding=\"async\" width=\"150\" height=\"150\" src=\"https:\/\/centralmedia.rs\/wp-content\/uploads\/2022\/11\/tolana-svilajnac2-150x150.jpg\" class=\"attachment-thumbnail size-thumbnail\" alt=\"\" \/><\/a>\n\t\t\t<\/div><\/figure><figure class='gallery-item'>\n\t\t\t<div class='gallery-icon landscape'>\n\t\t\t\t<a href='https:\/\/centralmedia.rs\/index.php\/2022\/11\/01\/pocetak-grejne-sezone-u-svilajncu\/tolana-svilajnac3\/'><img loading=\"lazy\" decoding=\"async\" width=\"150\" height=\"150\" src=\"https:\/\/centralmedia.rs\/wp-content\/uploads\/2022\/11\/tolana-svilajnac3-150x150.jpg\" class=\"attachment-thumbnail size-thumbnail\" alt=\"\" \/><\/a>\n\t\t\t<\/div><\/figure>\n\t\t<\/div>\n\n<p>Milanovi\u0107 ka\u017ee da su energenti obezbe\u0111eni i da je sve spremno za po\u010detak grejne sezone:<\/p>\n<p>\u201eSve \u0161kole, vrti\u0107, sve javne ustanove koje su u na\u0161oj nadle\u017enosti na vreme su obezbe\u0111ene sa energentima, toplana je spremna i spremno po\u010dinjemo ovu grejnu sezonu\u201c\u2013rekao je Milanovi\u0107 dodav\u0161i da je drvna se\u010dka nabavljena po staroj ceni.<\/p>\n<p>\u201e Imamo koli\u010dine do kraja godine i napla\u0107iva\u0107e se po tim cenama. Od Nove godine, na \u017ealost, mora\u0107e da se cene usklade sa cenom nabavke energenata, preko 25% je poskupelo drvo i mora\u0107emo da se prilagodimo. Ono \u0161to smo uspeli je da maksimalnu koli\u010dinu energenata nabavimo po ni\u017eim cenama i imamo zalihe. Kad ih potro\u0161imo i krenemo u nabavku energenata po novim cenama mora\u0107emo da korigujemo i cene grejanja. Imamo dovoljno mazuta, peleta, uglja, obezbedili smo \u010dvrsta goriva, i nadamo se da \u0107e biti i dovoljno gasa\u201c \u2013 izjavio je Milanovi\u0107 i rekao da su ve\u0107 na snazi i neke mere \u0161tednje elektri\u010dne energije, kao \u0161to su ga\u0161enje spoljne rasvete i sli\u010dno, \u0161to je smanjilo potro\u0161nju struje za nekih 10%.<\/p>\n<p>Direktori \u0161kola i vrti\u0107a ka\u017eu da je grejna sezona spremna, da su prostorije gde borave deca ve\u0107 tople i da o\u010dekuju da grejna sezona protekne u redu.<\/p>\n","protected":false},"excerpt":{"rendered":"<p>SVILAJNAC-Predsednik op\u0161tine Svilajnac Predrag Milanovi\u0107 obi\u0161ao je danas toplanu u Svilajncu u kojoj se danas i sutra izvode tople probe, nakon kojih zvani\u010dno po\u010dinje grejna &hellip; <\/p>\n","protected":false},"author":2,"featured_media":33151,"comment_status":"open","ping_status":"open","sticky":false,"template":"","format":"standard","meta":{"footnotes":""},"categories":[1524,2,887,16,12,1517,5785],"tags":[1289,38],"_links":{"self":[{"href":"https:\/\/centralmedia.rs\/index.php\/wp-json\/wp\/v2\/posts\/33150"}],"collection":[{"href":"https:\/\/centralmedia.rs\/index.php\/wp-json\/wp\/v2\/posts"}],"about":[{"href":"https:\/\/centralmedia.rs\/index.php\/wp-json\/wp\/v2\/types\/post"}],"author":[{"embeddable":true,"href":"https:\/\/centralmedia.rs\/index.php\/wp-json\/wp\/v2\/users\/2"}],"replies":[{"embeddable":true,"href":"https:\/\/centralmedia.rs\/index.php\/wp-json\/wp\/v2\/comments?post=33150"}],"version-history":[{"count":1,"href":"https:\/\/centralmedia.rs\/index.php\/wp-json\/wp\/v2\/posts\/33150\/revisions"}],"predecessor-version":[{"id":33155,"href":"https:\/\/centralmedia.rs\/index.php\/wp-json\/wp\/v2\/posts\/33150\/revisions\/33155"}],"wp:featuredmedia":[{"embeddable":true,"href":"https:\/\/centralmedia.rs\/index.php\/wp-json\/wp\/v2\/media\/33151"}],"wp:attachment":[{"href":"https:\/\/centralmedia.rs\/index.php\/wp-json\/wp\/v2\/media?parent=33150"}],"wp:term":[{"taxonomy":"category","embeddable":true,"href":"https:\/\/centralmedia.rs\/index.php\/wp-json\/wp\/v2\/categories?post=33150"},{"taxonomy":"post_tag","embeddable":true,"href":"https:\/\/centralmedia.rs\/index.php\/wp-json\/wp\/v2\/tags?post=33150"}],"curies":[{"name":"wp","href":"https:\/\/api.w.org\/{rel}","templated":true}]}}