{"id":33156,"date":"2022-11-01T20:45:47","date_gmt":"2022-11-01T19:45:47","guid":{"rendered":"http:\/\/centralmedia.rs\/?p=33156"},"modified":"2022-11-05T14:12:25","modified_gmt":"2022-11-05T13:12:25","slug":"vucic-naredio-pripravnost-vojske-i-podigao-migove-29","status":"publish","type":"post","link":"https:\/\/centralmedia.rs\/index.php\/2022\/11\/01\/vucic-naredio-pripravnost-vojske-i-podigao-migove-29\/","title":{"rendered":"VU\u010cI\u0106 NAREDIO PRIPRAVNOST VOJSKE I PODIGAO MIGOVE 29"},"content":{"rendered":"<p>Predsednik Srbije i vrhovni komandant oru\u017eanih snaga\u00a0Aleksandar Vu\u010di\u0107\u00a0izdao je danas zvani\u010dnu naredbu da sve neprijateljske bespilotne letelice na teritoriji centralne Srbije budu momentalno uni\u0161tene.<\/p>\n<p>Predsednik se na ovaj korak odlu\u010dio posle incidenta koji se desio na podru\u010dju iznad Merdara i u okolini Ra\u0161ke, kada su nepoznati dronovi osmatrali kasarne i polo\u017eaje Vojske Srbije, pi\u0161u Novosti.<\/p>\n<p>U cilju spre\u010davanja daljih neprijateljskih aktivnosti podignuti su srpski &#8220;migovi 29&#8221; u akciji pra\u0107enja i eventualnog napada na neprijateljske letelice. Nedugo zatim, uo\u010deni objekti napustili su vazdu\u0161ni prostor centralne Srbije, a da to nisu u\u010dinili, bili bi uni\u0161teni jer je vrhovni komandant izdao nare\u0111enje da se odmah dejstvuje protivvazduhoplovnim oru\u0111em, prenose Novosti.<\/p>\n<p>Ina\u010de, ministar odbrane Milo\u0161 Vu\u010devi\u0107 izjavio je danas da je predsednik Srbije Aleksandar Vu\u010di\u0107\u00a0izdao naredbu vojska Srbije bude u pripravnosti.<\/p>\n<p>&#8220;Ne spremamo se za rat, ali ne smemo da budemo nepripremljeni&#8221;, rekao je Vu\u010devi\u0107 i dodao da niko ne \u017eeli sukobe s Pri\u0161tinom.<\/p>\n<p>Povodom navoda da je policija tzv. Kosova uru\u010dila no\u0107as prvu opomenu za vozila koja nisu preregistrovana sa srpskih registarskih tablica na RKS tablice, Vu\u010devi\u0107 je rekao da ne mo\u017ee da veruje da zemlje Kvinte nemaju uticaj na kosovskog premiijera Aljbina Kurtija i administraciju u Pri\u0161tini.<\/p>\n<p>Maksimalna spremnost snaga za brzo reagovanje 72. Specijalne brigade za specijalna dejstva i 63. padobranske brigade okosnica je progla\u0161enog povi\u0161enog nivoa borbene gotovosti Vojske Srbije.<\/p>\n<p>Prema vojnim propisima, podizanje stepena pripravnosti podrazumeva spremnost oru\u017eanih snaga da u slu\u010daju potrebe, u najkra\u0107em vremenu, odgovori na svaki razvoj situacije<\/p>\n","protected":false},"excerpt":{"rendered":"<p>Predsednik Srbije i vrhovni komandant oru\u017eanih snaga\u00a0Aleksandar Vu\u010di\u0107\u00a0izdao je danas zvani\u010dnu naredbu da sve neprijateljske bespilotne letelice na teritoriji centralne Srbije budu momentalno uni\u0161tene. Predsednik &hellip; <\/p>\n","protected":false},"author":2,"featured_media":33157,"comment_status":"open","ping_status":"open","sticky":false,"template":"","format":"standard","meta":{"footnotes":""},"categories":[2,13,12],"tags":[5997,977,244,63],"_links":{"self":[{"href":"https:\/\/centralmedia.rs\/index.php\/wp-json\/wp\/v2\/posts\/33156"}],"collection":[{"href":"https:\/\/centralmedia.rs\/index.php\/wp-json\/wp\/v2\/posts"}],"about":[{"href":"https:\/\/centralmedia.rs\/index.php\/wp-json\/wp\/v2\/types\/post"}],"author":[{"embeddable":true,"href":"https:\/\/centralmedia.rs\/index.php\/wp-json\/wp\/v2\/users\/2"}],"replies":[{"embeddable":true,"href":"https:\/\/centralmedia.rs\/index.php\/wp-json\/wp\/v2\/comments?post=33156"}],"version-history":[{"count":1,"href":"https:\/\/centralmedia.rs\/index.php\/wp-json\/wp\/v2\/posts\/33156\/revisions"}],"predecessor-version":[{"id":33158,"href":"https:\/\/centralmedia.rs\/index.php\/wp-json\/wp\/v2\/posts\/33156\/revisions\/33158"}],"wp:featuredmedia":[{"embeddable":true,"href":"https:\/\/centralmedia.rs\/index.php\/wp-json\/wp\/v2\/media\/33157"}],"wp:attachment":[{"href":"https:\/\/centralmedia.rs\/index.php\/wp-json\/wp\/v2\/media?parent=33156"}],"wp:term":[{"taxonomy":"category","embeddable":true,"href":"https:\/\/centralmedia.rs\/index.php\/wp-json\/wp\/v2\/categories?post=33156"},{"taxonomy":"post_tag","embeddable":true,"href":"https:\/\/centralmedia.rs\/index.php\/wp-json\/wp\/v2\/tags?post=33156"}],"curies":[{"name":"wp","href":"https:\/\/api.w.org\/{rel}","templated":true}]}}