{"id":33165,"date":"2022-11-02T16:32:01","date_gmt":"2022-11-02T15:32:01","guid":{"rendered":"http:\/\/centralmedia.rs\/?p=33165"},"modified":"2022-11-14T11:10:06","modified_gmt":"2022-11-14T10:10:06","slug":"zavrsena-rekonstrukcija-potoka-u-kusiljevu","status":"publish","type":"post","link":"https:\/\/centralmedia.rs\/index.php\/2022\/11\/02\/zavrsena-rekonstrukcija-potoka-u-kusiljevu\/","title":{"rendered":"ZAVR\u0160ENA REKONSTRUKCIJA POTOKA U KU\u0160ILjEVU"},"content":{"rendered":"<p>SVILAJNAC- Direktor JVP \u201eSrbijavode\u201c Goran Puzovi\u0107 i predsednik op\u0161tine Svilajnac Predrag Milanovi\u0107 obi\u0161li su zavr\u0161ene radove na sanaciji korita reke Bulinjak i potoka Beljava u Ku\u0161iljevu.<\/p>\n<div id='gallery-1' class='gallery galleryid-33165 gallery-columns-4 gallery-size-thumbnail'><figure class='gallery-item'>\n\t\t\t<div class='gallery-icon landscape'>\n\t\t\t\t<a href='https:\/\/centralmedia.rs\/index.php\/2022\/11\/02\/zavrsena-rekonstrukcija-potoka-u-kusiljevu\/kusiljevo1-5\/'><img loading=\"lazy\" decoding=\"async\" width=\"150\" height=\"150\" src=\"https:\/\/centralmedia.rs\/wp-content\/uploads\/2022\/11\/kusiljevo1-150x150.jpg\" class=\"attachment-thumbnail size-thumbnail\" alt=\"\" \/><\/a>\n\t\t\t<\/div><\/figure><figure class='gallery-item'>\n\t\t\t<div class='gallery-icon landscape'>\n\t\t\t\t<a href='https:\/\/centralmedia.rs\/index.php\/2022\/11\/02\/zavrsena-rekonstrukcija-potoka-u-kusiljevu\/kusiljevo2-5\/'><img loading=\"lazy\" decoding=\"async\" width=\"150\" height=\"150\" src=\"https:\/\/centralmedia.rs\/wp-content\/uploads\/2022\/11\/kusiljevo2-150x150.jpg\" class=\"attachment-thumbnail size-thumbnail\" alt=\"\" \/><\/a>\n\t\t\t<\/div><\/figure><figure class='gallery-item'>\n\t\t\t<div class='gallery-icon landscape'>\n\t\t\t\t<a href='https:\/\/centralmedia.rs\/index.php\/2022\/11\/02\/zavrsena-rekonstrukcija-potoka-u-kusiljevu\/kusiljevo3-3\/'><img loading=\"lazy\" decoding=\"async\" width=\"150\" height=\"150\" src=\"https:\/\/centralmedia.rs\/wp-content\/uploads\/2022\/11\/kusiljevo3-150x150.jpg\" class=\"attachment-thumbnail size-thumbnail\" alt=\"\" \/><\/a>\n\t\t\t<\/div><\/figure><figure class='gallery-item'>\n\t\t\t<div class='gallery-icon landscape'>\n\t\t\t\t<a href='https:\/\/centralmedia.rs\/index.php\/2022\/11\/02\/zavrsena-rekonstrukcija-potoka-u-kusiljevu\/kusiljevo4-3\/'><img loading=\"lazy\" decoding=\"async\" width=\"150\" height=\"150\" src=\"https:\/\/centralmedia.rs\/wp-content\/uploads\/2022\/11\/kusiljevo4-150x150.jpg\" class=\"attachment-thumbnail size-thumbnail\" alt=\"\" \/><\/a>\n\t\t\t<\/div><\/figure>\n\t\t<\/div>\n\n<p>Usled nedovoljne propusne mo\u0107i korita uzvodna deonica Bulinjaka i potok Beljava u pro\u0161losti su plavile infranstrukturne objekte, poljoprivredne povr\u0161ine i privatnu imovinu. Izvedeni su regulacioni radovi na reci Bulinjak od mosta u centru sela do uliva potoka Beljava sa izgradnjom obostranih nasipa. Uzvodno od ovih deonica, prirodna korita imaju dovoljnu propusnu mo\u0107 za merodavnu vodu, tako da je dovoljno bilo samo \u010di\u0161\u0107enje korita od vegetacije i nanosa. U\u0161\u0107e Beljave u Bulinjak je za\u0161ti\u0107eno kamenim radovima u betonu, na posteljici od \u0161ljunka.<\/p>\n<p>Direktor JVP \u201eSrbijavode\u201c Goran Puzovi\u0107 istakao je da ovo jo\u0161 jedan primer dobre saradnje sa lokalanom samoupravom kako bi se pove\u0107ala bezbednost stanovni\u0161tva i unapredila za\u0161tita od poplava na teritoriji op\u0161tine Svilajnac:<\/p>\n<p>\u201eSad smo na zavr\u0161etku radova na potoku Bulinjak u Ku\u0161iljevu, gde smo rekonstruisali 1.600 metara najugro\u017eenije deonice kroz selo Ku\u0161iljevo i jo\u0161 500 metara potoka Beljava, \u010dime smo obezbedili ovaj kraj. Saradnju nastavljamo jer nas o\u010dekuje veliki projekat navodnjavanja Resavske celine, koji bi trebalo da po\u010dne sa realizacijom naredne godine.\u201c<\/p>\n<p>Predsednik op\u0161tine Svilajnac Predrag Milanovi\u0107 rekao je da je ovim projektom re\u0161en vi\u0161edecenijski problem me\u0161tana sela Ku\u0161iljevo:<\/p>\n<p>\u201eRekonstrukcijom potoka re\u0161ili smo problem koji traje 30 godina i koji je pravio veliku \u0161tetu me\u0161tanima Ku\u0161iljeva. U proteklom periodu, u saradnji sa \u201eSrbijavodama\u201c i Vladom Republike Srbije uradili smo velike i zna\u010dajne projekte na teritoriji na\u0161e op\u0161tine, ali tu ne stajemo, \u010deka nas slede\u0107i veliki projekat navodnjavanja Resavske celine. Navodnjava\u0107e se oko 1.100 hektara zemlji\u0161ta, \u0161to \u0107e znatno olak\u0161ati poljoprivrednu proizvodnju\u201c \u2013 rekao je Milanovi\u0107.<\/p>\n<p>U sklopu redovnog odr\u017eavanja na podru\u010dju op\u0161tine Svilajnac izvr\u0161eni su radovi na ko\u0161enju desnoobalnog nasipa Velike Morave, Bulinjaka i Resave.<\/p>\n","protected":false},"excerpt":{"rendered":"<p>SVILAJNAC- Direktor JVP \u201eSrbijavode\u201c Goran Puzovi\u0107 i predsednik op\u0161tine Svilajnac Predrag Milanovi\u0107 obi\u0161li su zavr\u0161ene radove na sanaciji korita reke Bulinjak i potoka Beljava u &hellip; <\/p>\n","protected":false},"author":2,"featured_media":33166,"comment_status":"open","ping_status":"open","sticky":false,"template":"","format":"standard","meta":{"footnotes":""},"categories":[1524,2,887,16,12,5785,1517],"tags":[740,5066,6001,38],"_links":{"self":[{"href":"https:\/\/centralmedia.rs\/index.php\/wp-json\/wp\/v2\/posts\/33165"}],"collection":[{"href":"https:\/\/centralmedia.rs\/index.php\/wp-json\/wp\/v2\/posts"}],"about":[{"href":"https:\/\/centralmedia.rs\/index.php\/wp-json\/wp\/v2\/types\/post"}],"author":[{"embeddable":true,"href":"https:\/\/centralmedia.rs\/index.php\/wp-json\/wp\/v2\/users\/2"}],"replies":[{"embeddable":true,"href":"https:\/\/centralmedia.rs\/index.php\/wp-json\/wp\/v2\/comments?post=33165"}],"version-history":[{"count":1,"href":"https:\/\/centralmedia.rs\/index.php\/wp-json\/wp\/v2\/posts\/33165\/revisions"}],"predecessor-version":[{"id":33171,"href":"https:\/\/centralmedia.rs\/index.php\/wp-json\/wp\/v2\/posts\/33165\/revisions\/33171"}],"wp:featuredmedia":[{"embeddable":true,"href":"https:\/\/centralmedia.rs\/index.php\/wp-json\/wp\/v2\/media\/33166"}],"wp:attachment":[{"href":"https:\/\/centralmedia.rs\/index.php\/wp-json\/wp\/v2\/media?parent=33165"}],"wp:term":[{"taxonomy":"category","embeddable":true,"href":"https:\/\/centralmedia.rs\/index.php\/wp-json\/wp\/v2\/categories?post=33165"},{"taxonomy":"post_tag","embeddable":true,"href":"https:\/\/centralmedia.rs\/index.php\/wp-json\/wp\/v2\/tags?post=33165"}],"curies":[{"name":"wp","href":"https:\/\/api.w.org\/{rel}","templated":true}]}}