{"id":3317,"date":"2016-06-08T22:13:02","date_gmt":"2016-06-08T22:13:02","guid":{"rendered":"http:\/\/centralmedia.rs\/?p=3317"},"modified":"2016-06-08T22:13:02","modified_gmt":"2016-06-08T22:13:02","slug":"nastavak-sudenja-za-pogibiju-kadeta-da-se-pripremi-sutanovac","status":"publish","type":"post","link":"https:\/\/centralmedia.rs\/index.php\/2016\/06\/08\/nastavak-sudenja-za-pogibiju-kadeta-da-se-pripremi-sutanovac\/","title":{"rendered":"NASTAVAK SU\u0110ENJA ZA POGIBIJU KADETA-DA SE PRIPREMI \u0160UTANOVAC"},"content":{"rendered":"<p>JAGODINA-Sudija Vi\u0161eg suda u Jagodini Lepomir Milosavljevi\u0107 na dana\u0161njem nastavku su\u0111enja majoru Vinku \u017dnidar\u0161i\u010du, zbog pogibije dva i ranjavanja vi\u0161e kadeta Vojske Srbije na poligonu Pasuljanske livade 2012 godine, na pitanje tu\u017eila\u0161tva da li \u0107e biv\u0161i ministar Dragan \u0160utanovac biti pozvan da svedo\u010diti, odgovorio da \u0107e on biti pozvan na poslednje ro\u010di\u0161te glavnog pretresa ,,kao ,,zavr\u0161ni kamen\u201c u ovom procesu\u201c. On je predhodno ponovo poslao pozive visokim oficirima Vojske Srbije, koji nisu primili pozive za su\u0111enje, i dao nalog da ih policija prona\u0111e i uru\u010di pozive.<a href=\"https:\/\/centralmedia.rs\/wp-content\/uploads\/2016\/06\/major-vinko-znidarsic-jagodina-g.j..jpg\"><img loading=\"lazy\" decoding=\"async\" src=\"https:\/\/centralmedia.rs\/wp-content\/uploads\/2016\/06\/major-vinko-znidarsic-jagodina-g.j.-300x199.jpg\" alt=\"major vinko znidarsic-jagodina-g.j.\" width=\"300\" height=\"199\" class=\"alignnone size-medium wp-image-3319\" srcset=\"https:\/\/centralmedia.rs\/wp-content\/uploads\/2016\/06\/major-vinko-znidarsic-jagodina-g.j.-300x199.jpg 300w, https:\/\/centralmedia.rs\/wp-content\/uploads\/2016\/06\/major-vinko-znidarsic-jagodina-g.j.-768x509.jpg 768w, https:\/\/centralmedia.rs\/wp-content\/uploads\/2016\/06\/major-vinko-znidarsic-jagodina-g.j..jpg 906w\" sizes=\"(max-width: 300px) 100vw, 300px\" \/><\/a> Na dana\u0161njem ro\u010di\u0161tu vi\u0161e oficira i svedoka nisu se pojavili, a saslu\u0161ani su zaposleni u VS Milan Milo\u0161evi\u0107 iz Beograda i Jugoslav Stojanovi\u0107 iz Jagodine, koji su potvrdili svoje izjave iz istrage. Milo\u0161evi\u0107 je dodatno pojasnio da je prostor gde su kadeti  ve\u017ebali kriti\u010dnog dana, redovno kori\u0161\u0107en za popravku kamiona i mehanizacije. Stojanovi\u0107 je objasnio da su prilikom tromese\u010dne pretrage terena ,,na mestima gde nije bilo bojevog ga\u0111anja prona\u0111ena ve\u017ebovna sredstva\u201c, te da je najbli\u017ea udaljenost prona\u0111enog ubojnog sredstva bila na kilometar od mesta eksplozije.       <figure id=\"attachment_3320\" aria-describedby=\"caption-attachment-3320\" style=\"width: 300px\" class=\"wp-caption alignnone\"><a href=\"https:\/\/centralmedia.rs\/wp-content\/uploads\/2016\/06\/tomislav-milojevic-jagodina-g.j..jpg\"><img loading=\"lazy\" decoding=\"async\" src=\"https:\/\/centralmedia.rs\/wp-content\/uploads\/2016\/06\/tomislav-milojevic-jagodina-g.j.-300x225.jpg\" alt=\"Tomislav Milojevi\u0107\" width=\"300\" height=\"225\" class=\"size-medium wp-image-3320\" srcset=\"https:\/\/centralmedia.rs\/wp-content\/uploads\/2016\/06\/tomislav-milojevic-jagodina-g.j.-300x225.jpg 300w, https:\/\/centralmedia.rs\/wp-content\/uploads\/2016\/06\/tomislav-milojevic-jagodina-g.j.-768x576.jpg 768w, https:\/\/centralmedia.rs\/wp-content\/uploads\/2016\/06\/tomislav-milojevic-jagodina-g.j.-80x60.jpg 80w, https:\/\/centralmedia.rs\/wp-content\/uploads\/2016\/06\/tomislav-milojevic-jagodina-g.j.-265x198.jpg 265w, https:\/\/centralmedia.rs\/wp-content\/uploads\/2016\/06\/tomislav-milojevic-jagodina-g.j..jpg 900w\" sizes=\"(max-width: 300px) 100vw, 300px\" \/><\/a><figcaption id=\"caption-attachment-3320\" class=\"wp-caption-text\">Tomislav Milojevi\u0107<\/figcaption><\/figure><br \/>\n\t-Ukoliko svedoci ka\u017eu pravu istinu sudije \u0107e doneti kona\u010dnu odluku po pravdi. Po izjavi sudije ne znaju se adrese oficira, nemogu\u0107e je da profesionalno anga\u017eovanim u VS poziv ne mo\u017ee biti uru\u010den. Mislim da je to neozbiljno, porodice trpe, pona\u0161aju se kao da je va\u0161ar. O\u010dekivao izve\u0161taj vojne komisije i generala Bojana Zrni\u0107a, ali on nije pozvan na dana\u0161nje ro\u010di\u0161te, rekao je Tomislav Milojevi\u0107, otav pokojnig Filipa.<br \/>\n     Na Poligonu Pasuljanske livade kod \u0106uprije18. juna 2012. godine u toku priprema za ve\u017ebu &#8220;Diplomac 2012&#8221;, od zaostalog projektila automatskog baca\u010da granata, koga su kadeti prona\u0161li, a jedan od njih, navodno \u0161utnuo i izazvao eksploziju, poginulo je dvoje kadeta \u010detvrte godine Vojne akademije Milina Mileti\u0107 (23) iz Gornjeg Milanovca i Filip Milojevi\u0107 (24) iz Gornje Trnave kod Topole, a petoro kadeta povre\u0111eno.<\/p>\n","protected":false},"excerpt":{"rendered":"<p>JAGODINA-Sudija Vi\u0161eg suda u Jagodini Lepomir Milosavljevi\u0107 na dana\u0161njem nastavku su\u0111enja majoru Vinku \u017dnidar\u0161i\u010du, zbog pogibije dva i ranjavanja vi\u0161e kadeta Vojske Srbije na poligonu &hellip; <\/p>\n","protected":false},"author":4,"featured_media":3318,"comment_status":"open","ping_status":"open","sticky":false,"template":"","format":"standard","meta":{"footnotes":""},"categories":[20,2,12],"tags":[58,856,855],"_links":{"self":[{"href":"https:\/\/centralmedia.rs\/index.php\/wp-json\/wp\/v2\/posts\/3317"}],"collection":[{"href":"https:\/\/centralmedia.rs\/index.php\/wp-json\/wp\/v2\/posts"}],"about":[{"href":"https:\/\/centralmedia.rs\/index.php\/wp-json\/wp\/v2\/types\/post"}],"author":[{"embeddable":true,"href":"https:\/\/centralmedia.rs\/index.php\/wp-json\/wp\/v2\/users\/4"}],"replies":[{"embeddable":true,"href":"https:\/\/centralmedia.rs\/index.php\/wp-json\/wp\/v2\/comments?post=3317"}],"version-history":[{"count":0,"href":"https:\/\/centralmedia.rs\/index.php\/wp-json\/wp\/v2\/posts\/3317\/revisions"}],"wp:featuredmedia":[{"embeddable":true,"href":"https:\/\/centralmedia.rs\/index.php\/wp-json\/wp\/v2\/media\/3318"}],"wp:attachment":[{"href":"https:\/\/centralmedia.rs\/index.php\/wp-json\/wp\/v2\/media?parent=3317"}],"wp:term":[{"taxonomy":"category","embeddable":true,"href":"https:\/\/centralmedia.rs\/index.php\/wp-json\/wp\/v2\/categories?post=3317"},{"taxonomy":"post_tag","embeddable":true,"href":"https:\/\/centralmedia.rs\/index.php\/wp-json\/wp\/v2\/tags?post=3317"}],"curies":[{"name":"wp","href":"https:\/\/api.w.org\/{rel}","templated":true}]}}