{"id":33172,"date":"2022-11-02T17:18:50","date_gmt":"2022-11-02T16:18:50","guid":{"rendered":"http:\/\/centralmedia.rs\/?p=33172"},"modified":"2022-11-04T22:08:27","modified_gmt":"2022-11-04T21:08:27","slug":"pomen-nevinim-zrtvama-koje-su-komunisti-pobili-u-jagodini-u-novembru-1944","status":"publish","type":"post","link":"https:\/\/centralmedia.rs\/index.php\/2022\/11\/02\/pomen-nevinim-zrtvama-koje-su-komunisti-pobili-u-jagodini-u-novembru-1944\/","title":{"rendered":"POMEN NEVINIM \u017dRTVAMA KOJE SU KOMUNISTI POBILI U JAGODINI U NOVEMBRU 1944"},"content":{"rendered":"<p>JAGODINA- U crkvi Pokrova Presvete Bogorodice u naselju Streli\u0161te u Jagodni u subotu 5. novembra u 9 sati bi\u0107e odr\u017ean pomen nevinim \u017ertvama pokolja koji su izvr\u0161ili komunisti u novembru 1944.<\/p>\n<p><img loading=\"lazy\" decoding=\"async\" class=\"alignnone wp-image-33174 size-large\" src=\"http:\/\/centralmedia.rs\/wp-content\/uploads\/2022\/11\/pomen-\u017ertvama-1024x1024.jpg\" alt=\"\" width=\"640\" height=\"640\" srcset=\"https:\/\/centralmedia.rs\/wp-content\/uploads\/2022\/11\/pomen-\u017ertvama-1024x1024.jpg 1024w, https:\/\/centralmedia.rs\/wp-content\/uploads\/2022\/11\/pomen-\u017ertvama-150x150.jpg 150w, https:\/\/centralmedia.rs\/wp-content\/uploads\/2022\/11\/pomen-\u017ertvama-300x300.jpg 300w, https:\/\/centralmedia.rs\/wp-content\/uploads\/2022\/11\/pomen-\u017ertvama-768x768.jpg 768w, https:\/\/centralmedia.rs\/wp-content\/uploads\/2022\/11\/pomen-\u017ertvama-420x420.jpg 420w, https:\/\/centralmedia.rs\/wp-content\/uploads\/2022\/11\/pomen-\u017ertvama-640x640.jpg 640w, https:\/\/centralmedia.rs\/wp-content\/uploads\/2022\/11\/pomen-\u017ertvama-681x681.jpg 681w, https:\/\/centralmedia.rs\/wp-content\/uploads\/2022\/11\/pomen-\u017ertvama.jpg 1080w\" sizes=\"(max-width: 640px) 100vw, 640px\" \/><\/p>\n<p>Srpski \u00a0komunisti i bosanski partizani su u nekoliko meseci od oslobo\u0111enja do zavr\u0161etka drugog svetskog rata u Jagodini na vi\u0161e lokacija streljali i poklali bez su\u0111enja tri hiljade Jagodinaca i gra\u0111ana iz centralne Srbije. Me\u0111u izvr\u0161iocima su bili potonji akademik \u00a0Antonije Isakovi\u0107, koji se osamdesetih godina pro\u0161log veka deklarisao kao velikosrpski nacionalist i potpisnik Memoranduma, zatim jedan od hrvatskih prole\u0107ara Jure Sari\u0107- \u0110uro iz Drvara,a prekim sudom rukovodio je general \u017divorad Kosti\u0107, tada mladi\u0107 od 23 godine, \u00a0po kome je kasnije glavna ulica u naselju Streli\u0161te dobila naziv.<\/p>\n","protected":false},"excerpt":{"rendered":"<p>JAGODINA- U crkvi Pokrova Presvete Bogorodice u naselju Streli\u0161te u Jagodni u subotu 5. novembra u 9 sati bi\u0107e odr\u017ean pomen nevinim \u017ertvama pokolja koji &hellip; <\/p>\n","protected":false},"author":2,"featured_media":33173,"comment_status":"open","ping_status":"open","sticky":false,"template":"","format":"standard","meta":{"footnotes":""},"categories":[14,1524,2,5643,1514,887,12],"tags":[6003,58,6002],"_links":{"self":[{"href":"https:\/\/centralmedia.rs\/index.php\/wp-json\/wp\/v2\/posts\/33172"}],"collection":[{"href":"https:\/\/centralmedia.rs\/index.php\/wp-json\/wp\/v2\/posts"}],"about":[{"href":"https:\/\/centralmedia.rs\/index.php\/wp-json\/wp\/v2\/types\/post"}],"author":[{"embeddable":true,"href":"https:\/\/centralmedia.rs\/index.php\/wp-json\/wp\/v2\/users\/2"}],"replies":[{"embeddable":true,"href":"https:\/\/centralmedia.rs\/index.php\/wp-json\/wp\/v2\/comments?post=33172"}],"version-history":[{"count":2,"href":"https:\/\/centralmedia.rs\/index.php\/wp-json\/wp\/v2\/posts\/33172\/revisions"}],"predecessor-version":[{"id":33176,"href":"https:\/\/centralmedia.rs\/index.php\/wp-json\/wp\/v2\/posts\/33172\/revisions\/33176"}],"wp:featuredmedia":[{"embeddable":true,"href":"https:\/\/centralmedia.rs\/index.php\/wp-json\/wp\/v2\/media\/33173"}],"wp:attachment":[{"href":"https:\/\/centralmedia.rs\/index.php\/wp-json\/wp\/v2\/media?parent=33172"}],"wp:term":[{"taxonomy":"category","embeddable":true,"href":"https:\/\/centralmedia.rs\/index.php\/wp-json\/wp\/v2\/categories?post=33172"},{"taxonomy":"post_tag","embeddable":true,"href":"https:\/\/centralmedia.rs\/index.php\/wp-json\/wp\/v2\/tags?post=33172"}],"curies":[{"name":"wp","href":"https:\/\/api.w.org\/{rel}","templated":true}]}}