{"id":33211,"date":"2022-11-07T12:25:07","date_gmt":"2022-11-07T11:25:07","guid":{"rendered":"http:\/\/centralmedia.rs\/?p=33211"},"modified":"2022-11-14T11:10:28","modified_gmt":"2022-11-14T10:10:28","slug":"palma-srbi-se-na-kosovu-i-metohiji-bore-za-istinu-i-pravdu","status":"publish","type":"post","link":"https:\/\/centralmedia.rs\/index.php\/2022\/11\/07\/palma-srbi-se-na-kosovu-i-metohiji-bore-za-istinu-i-pravdu\/","title":{"rendered":"PALMA : SRBI SE NA KOSOVU I METOHIJI BORE ZA ISTINU I PRAVDU"},"content":{"rendered":"<p>\u201eDeo me\u0111unarodne zajednice ne po\u0161tuje na Kosovu i Metohiji ni\u0161ta \u0161to je potpisano, ni Rezuluciju 1244 Ujedinjenih nacija, ni Briselski sporazum i sada su hteli jo\u0161 da Srbima na severu Kosova i Metohije skidaju tablice, da poka\u017eu da mi nismo ono \u0161to jesmo, nego da smo ne\u0161to drugo. Miting u severnoj Kosovskoj Mitrovici, koji su organizovali na\u0161i Srbi je borba za istinu i pravdu. Srbi su iza\u0161li iz svih kosovskih institucija i tako su stavili ta\u010dku na nepravdu i rekli onima koji svakoga dana napadaju po neku srpsku ku\u0107u da to vi\u0161e ne mogu da trpe\u201c, rekao je predsednik Jedinstvene Srbije Dragan Markovi\u0107 Palma u Ni\u0161u na Izbornoj skup\u0161tini Gradskog odbora Jedinstvene Srbije, koja je odr\u017eana u prepunoj sali Narodnog pozori\u0161ta u Ni\u0161u.<\/p>\n<div id='gallery-1' class='gallery galleryid-33211 gallery-columns-5 gallery-size-thumbnail'><figure class='gallery-item'>\n\t\t\t<div class='gallery-icon landscape'>\n\t\t\t\t<a href='https:\/\/centralmedia.rs\/index.php\/2022\/11\/07\/palma-srbi-se-na-kosovu-i-metohiji-bore-za-istinu-i-pravdu\/js-nis\/'><img loading=\"lazy\" decoding=\"async\" width=\"150\" height=\"150\" src=\"https:\/\/centralmedia.rs\/wp-content\/uploads\/2022\/11\/js-nis-150x150.jpg\" class=\"attachment-thumbnail size-thumbnail\" alt=\"\" \/><\/a>\n\t\t\t<\/div><\/figure><figure class='gallery-item'>\n\t\t\t<div class='gallery-icon landscape'>\n\t\t\t\t<a href='https:\/\/centralmedia.rs\/index.php\/2022\/11\/07\/palma-srbi-se-na-kosovu-i-metohiji-bore-za-istinu-i-pravdu\/js-nis1\/'><img loading=\"lazy\" decoding=\"async\" width=\"150\" height=\"150\" src=\"https:\/\/centralmedia.rs\/wp-content\/uploads\/2022\/11\/js-nis1-150x150.jpg\" class=\"attachment-thumbnail size-thumbnail\" alt=\"\" \/><\/a>\n\t\t\t<\/div><\/figure><figure class='gallery-item'>\n\t\t\t<div class='gallery-icon landscape'>\n\t\t\t\t<a href='https:\/\/centralmedia.rs\/index.php\/2022\/11\/07\/palma-srbi-se-na-kosovu-i-metohiji-bore-za-istinu-i-pravdu\/js-nis2\/'><img loading=\"lazy\" decoding=\"async\" width=\"150\" height=\"150\" src=\"https:\/\/centralmedia.rs\/wp-content\/uploads\/2022\/11\/js-nis2-150x150.jpg\" class=\"attachment-thumbnail size-thumbnail\" alt=\"\" \/><\/a>\n\t\t\t<\/div><\/figure><figure class='gallery-item'>\n\t\t\t<div class='gallery-icon landscape'>\n\t\t\t\t<a href='https:\/\/centralmedia.rs\/index.php\/2022\/11\/07\/palma-srbi-se-na-kosovu-i-metohiji-bore-za-istinu-i-pravdu\/palma-53\/'><img loading=\"lazy\" decoding=\"async\" width=\"150\" height=\"150\" src=\"https:\/\/centralmedia.rs\/wp-content\/uploads\/2022\/11\/palma-150x150.jpg\" class=\"attachment-thumbnail size-thumbnail\" alt=\"\" \/><\/a>\n\t\t\t<\/div><\/figure><figure class='gallery-item'>\n\t\t\t<div class='gallery-icon landscape'>\n\t\t\t\t<a href='https:\/\/centralmedia.rs\/index.php\/2022\/11\/07\/palma-srbi-se-na-kosovu-i-metohiji-bore-za-istinu-i-pravdu\/js-nis3\/'><img loading=\"lazy\" decoding=\"async\" width=\"150\" height=\"150\" src=\"https:\/\/centralmedia.rs\/wp-content\/uploads\/2022\/11\/js-nis3-150x150.jpg\" class=\"attachment-thumbnail size-thumbnail\" alt=\"\" \/><\/a>\n\t\t\t<\/div><\/figure>\n\t\t<\/div>\n\n<p>\u201eJedinstvena Srbija je i dobila to ime zato \u0161to mi nikada ne\u0107emo dozvoliti da dve pokrajine Kosovo i Metohija i Vojvodina ne budu u sastavu Srbije. I ja vam sada obe\u0107avam da Jedinstvena Srbije nikada ne\u0107e priznati takozvano nezavisno Kosovo, a siguran sam da to ne\u0107e nikada priznati ni na\u0161 koalicioni partner SPS, kao ni na\u0161 drugi koalicioni partner Srpska napredna stranka. Me\u0111unarodno pravo danas vi\u0161e ne postoji, postoji samo pravo koje se odre\u0111uje dizanjem ruku, ali i to dizanje ruku u Ujedinjenim nacijama i drugim me\u0111unarodnim organizacijama sve je vi\u0161e na strani Srbije zahvaljuju\u0107i biv\u0161em i sada\u0161njem ministru inostranih poslova Srbije Ivici Da\u010di\u0107u i predsedniku Srbije Aleksandru Vu\u010di\u0107u, jer je 20 dr\u017eava povuklo priznanje te la\u017ene dr\u017eave Kosovo. Pitaju me novinari da li sam za Rusiju ili Ukrajinu, ja ka\u017eem \u201enisam ni za Rusiju ni za Ukrajinu, ve\u0107 da prestane rat odmah. Ovi \u0161to finansiraju Ukrajinu sa zapada, finansira\u0107e Ukrajinu do poslednjeg Ukrajinca. Srbija je vojno neutralna zemlja i mi moramo da gledamo samo srpske interese. Sada se otvaraju teme o raketama Ju\u017ene i Severne Koreje, o Kini i Tajvanu, jel mi treba time da se bavimo&#8230; Na\u0161e teme su da se dece ra\u0111aju, da svako \u017eivi od svoga rada i da se slave krsne slave. Srpski patriotizam i nacionalni pragmatizam danas je da zaposli\u0161 radnike i da otvori\u0161 nova radna mesta\u201c, ka\u017ee Markovi\u0107.<\/p>\n<p>PALMA NI\u0160LIJAMA : LOKALNA SAMOUPRAVA MORA DA \u0160TEDI A TO \u0160TO SE U\u0160TEDI TREBA DA SE USMERI PREMA GRA\u0110ANIMA A NE PREMA POLITI\u010cARIMA<\/p>\n<p>\u201eJa imam poruku i za ni\u0161lije i za ostale gradove i op\u0161tine u Srbiji, lokalna samouprava mora da \u0161tedi i to \u0161to se u\u0161tedi treba da se usmeri prema gra\u0111anima, a ne prema politi\u010darima . Ne mo\u017ee nekome jedino i prvo zanimanje da bude politika . Isto tako ne mo\u017ee neko da bude kandidat za odbornika, a ima 45 ili 50 godina, a nigde ne radi i u\u0111e u politiku da bi se zaposlio. A ko \u0107e da zaposli gra\u0111ane\u201c, ka\u017ee Palma. U Ni\u0161u je odr\u017eana izborna skup\u0161tina Gradskog odbora Jedinstvene Srbije na kojoj je za predsednika izabran doktor ekonomskih nauka i magistar muzike Goran Dini\u0107. Novi potpredsednici su doktor Dejan Risti\u0107\u00a0 i diplomirani ekonomista \u017darko Milo\u0161evi\u0107. Izbornoj skup\u0161tini Gradskog odbora Jedinstvene Srbije u Ni\u0161u koja je odr\u017eana u ni\u0161kom Narodnom pozori\u0161tu prisustvovalo je vi\u0161e od 700 \u010dlanova ove partije iz Ni\u0161a, kao i narodni poslanici Jedinstvene Srbije Marija Jev\u0111i\u0107, Dejan Ignjatovi\u0107, Vojislav Vuji\u0107, \u0110or\u0111e Kosani\u0107 i \u017divota Star\u010devi\u0107, kao i na\u010delnik Pomoravskog okruga Goran Milosavljevi\u0107.<\/p>\n","protected":false},"excerpt":{"rendered":"<p>\u201eDeo me\u0111unarodne zajednice ne po\u0161tuje na Kosovu i Metohiji ni\u0161ta \u0161to je potpisano, ni Rezuluciju 1244 Ujedinjenih nacija, ni Briselski sporazum i sada su hteli &hellip; <\/p>\n","protected":false},"author":2,"featured_media":33212,"comment_status":"open","ping_status":"open","sticky":false,"template":"","format":"standard","meta":{"footnotes":""},"categories":[1524,2,1514,5643,13,887,12],"tags":[143,120,3415],"_links":{"self":[{"href":"https:\/\/centralmedia.rs\/index.php\/wp-json\/wp\/v2\/posts\/33211"}],"collection":[{"href":"https:\/\/centralmedia.rs\/index.php\/wp-json\/wp\/v2\/posts"}],"about":[{"href":"https:\/\/centralmedia.rs\/index.php\/wp-json\/wp\/v2\/types\/post"}],"author":[{"embeddable":true,"href":"https:\/\/centralmedia.rs\/index.php\/wp-json\/wp\/v2\/users\/2"}],"replies":[{"embeddable":true,"href":"https:\/\/centralmedia.rs\/index.php\/wp-json\/wp\/v2\/comments?post=33211"}],"version-history":[{"count":1,"href":"https:\/\/centralmedia.rs\/index.php\/wp-json\/wp\/v2\/posts\/33211\/revisions"}],"predecessor-version":[{"id":33217,"href":"https:\/\/centralmedia.rs\/index.php\/wp-json\/wp\/v2\/posts\/33211\/revisions\/33217"}],"wp:featuredmedia":[{"embeddable":true,"href":"https:\/\/centralmedia.rs\/index.php\/wp-json\/wp\/v2\/media\/33212"}],"wp:attachment":[{"href":"https:\/\/centralmedia.rs\/index.php\/wp-json\/wp\/v2\/media?parent=33211"}],"wp:term":[{"taxonomy":"category","embeddable":true,"href":"https:\/\/centralmedia.rs\/index.php\/wp-json\/wp\/v2\/categories?post=33211"},{"taxonomy":"post_tag","embeddable":true,"href":"https:\/\/centralmedia.rs\/index.php\/wp-json\/wp\/v2\/tags?post=33211"}],"curies":[{"name":"wp","href":"https:\/\/api.w.org\/{rel}","templated":true}]}}