{"id":33229,"date":"2022-11-09T11:56:57","date_gmt":"2022-11-09T10:56:57","guid":{"rendered":"http:\/\/centralmedia.rs\/?p=33229"},"modified":"2022-11-15T21:30:15","modified_gmt":"2022-11-15T20:30:15","slug":"predstavljena-edicija-sanu-zivot-i-delo-srpskih-naucnika","status":"publish","type":"post","link":"https:\/\/centralmedia.rs\/index.php\/2022\/11\/09\/predstavljena-edicija-sanu-zivot-i-delo-srpskih-naucnika\/","title":{"rendered":"PREDSTAVLjENA EDICIJA SANU \u201e\u017dIVOT I DELO SRPSKIH NAU\u010cNIKA\u201c"},"content":{"rendered":"<p>JAGODINA-Na Fakultetu pedago\u0161kih nauka u Jagodini predstavljena je edicija &#8220;\u017divot i delo srpskih nau\u010dnika&#8221; koju u sklopu programa popularizacije nauke i podsticanja interesovanja za istoriju srpske nauke organizuju Centar za nau\u010dnoistra\u017eiva\u010dki rad Srpske akademije nauka i umetnosti i Univerzitet u Kragujevcu. Ediciju je 1992. godine pokrenula Srpska akademija nauka i umetnosti preko svog Odbora za prou\u010davanje \u017eivota i rada srpskih nau\u010dnika i nau\u010dnika srpskog porekla. Do sada je u ovoj ediciji objavljeno 18 knjiga o \u017eivotnim i radnim biografijama nau\u010dnika koji su ostavili dubok trag u oblasti prirodno-matemati\u010dkih, medicinskih i tehni\u010dkih nauka.<\/p>\n<div id='gallery-1' class='gallery galleryid-33229 gallery-columns-5 gallery-size-thumbnail'><figure class='gallery-item'>\n\t\t\t<div class='gallery-icon landscape'>\n\t\t\t\t<a href='https:\/\/centralmedia.rs\/index.php\/2022\/11\/09\/predstavljena-edicija-sanu-zivot-i-delo-srpskih-naucnika\/fpnj-4\/'><img loading=\"lazy\" decoding=\"async\" width=\"150\" height=\"150\" src=\"https:\/\/centralmedia.rs\/wp-content\/uploads\/2022\/11\/fpnj-150x150.jpg\" class=\"attachment-thumbnail size-thumbnail\" alt=\"\" \/><\/a>\n\t\t\t<\/div><\/figure><figure class='gallery-item'>\n\t\t\t<div class='gallery-icon landscape'>\n\t\t\t\t<a href='https:\/\/centralmedia.rs\/index.php\/2022\/11\/09\/predstavljena-edicija-sanu-zivot-i-delo-srpskih-naucnika\/fpnj2-2\/'><img loading=\"lazy\" decoding=\"async\" width=\"150\" height=\"150\" src=\"https:\/\/centralmedia.rs\/wp-content\/uploads\/2022\/11\/fpnj2-150x150.jpg\" class=\"attachment-thumbnail size-thumbnail\" alt=\"\" \/><\/a>\n\t\t\t<\/div><\/figure><figure class='gallery-item'>\n\t\t\t<div class='gallery-icon landscape'>\n\t\t\t\t<a href='https:\/\/centralmedia.rs\/index.php\/2022\/11\/09\/predstavljena-edicija-sanu-zivot-i-delo-srpskih-naucnika\/fpnj3-2\/'><img loading=\"lazy\" decoding=\"async\" width=\"150\" height=\"150\" src=\"https:\/\/centralmedia.rs\/wp-content\/uploads\/2022\/11\/fpnj3-150x150.jpg\" class=\"attachment-thumbnail size-thumbnail\" alt=\"\" \/><\/a>\n\t\t\t<\/div><\/figure><figure class='gallery-item'>\n\t\t\t<div class='gallery-icon landscape'>\n\t\t\t\t<a href='https:\/\/centralmedia.rs\/index.php\/2022\/11\/09\/predstavljena-edicija-sanu-zivot-i-delo-srpskih-naucnika\/fpnj4\/'><img loading=\"lazy\" decoding=\"async\" width=\"150\" height=\"150\" src=\"https:\/\/centralmedia.rs\/wp-content\/uploads\/2022\/11\/fpnj4-150x150.jpg\" class=\"attachment-thumbnail size-thumbnail\" alt=\"\" \/><\/a>\n\t\t\t<\/div><\/figure><figure class='gallery-item'>\n\t\t\t<div class='gallery-icon landscape'>\n\t\t\t\t<a href='https:\/\/centralmedia.rs\/index.php\/2022\/11\/09\/predstavljena-edicija-sanu-zivot-i-delo-srpskih-naucnika\/fpnj5\/'><img loading=\"lazy\" decoding=\"async\" width=\"150\" height=\"150\" src=\"https:\/\/centralmedia.rs\/wp-content\/uploads\/2022\/11\/fpnj5-150x150.jpg\" class=\"attachment-thumbnail size-thumbnail\" alt=\"\" \/><\/a>\n\t\t\t<\/div><\/figure>\n\t\t<\/div>\n\n<p>Bilo je re\u010di o znamenitim nau\u010dnicima zastupljenim u ediciji, koji su ro\u0111enjem, \u0161kolovanjem ili radom bili vezani za Jagodinu ili njenu okolinu. Prisutne su pozdravili prof. dr Violeta Jovanovi\u0107, dekan Fakulteta, i akademik Milo\u0161 \u0110uran, upravnik Centra za nau\u010dnoistra\u017eiva\u010dki rad Srpske akademije nauka i umetnosti.<\/p>\n<p>Akademik Ivan Gutman govorio je o fizi\u010daru Dragoljubu Jovanovi\u0107u, dopisnom \u010dlanu Srpske akademije nauka i umetnosti, ro\u0111enom u Para\u0107inu 1891. godine. Prof. dr Svetlana \u0106ur\u010di\u0107 predstavila je akademika Josifa Pan\u010di\u0107a, koji je slu\u017ebovao u Jagodini kao okru\u017eni fizikus. O akademiku Stevanu Jakovljevi\u0107u, \u010dija je porodica jedno vreme \u017eivela u Jagodini, govorili su doc. dr Jelena Mladenovi\u0107, koja je predstavila Jakovljevi\u0107a kao biologa, a doc. dr Branko Ili\u0107 govorio je o Stevanu Jakovljevi\u0107u kao knji\u017eevniku.<\/p>\n<p>Orkestar Fakulteta pedago\u0161kih nauka izveo je nekoliko kompozicija, sa solistom Kristinom Milosavljevi\u0107.<\/p>\n","protected":false},"excerpt":{"rendered":"<p>JAGODINA-Na Fakultetu pedago\u0161kih nauka u Jagodini predstavljena je edicija &#8220;\u017divot i delo srpskih nau\u010dnika&#8221; koju u sklopu programa popularizacije nauke i podsticanja interesovanja za istoriju &hellip; <\/p>\n","protected":false},"author":2,"featured_media":33231,"comment_status":"open","ping_status":"open","sticky":false,"template":"","format":"standard","meta":{"footnotes":""},"categories":[14,1524,2,1514,5643,887,12],"tags":[2531,1039,6009],"_links":{"self":[{"href":"https:\/\/centralmedia.rs\/index.php\/wp-json\/wp\/v2\/posts\/33229"}],"collection":[{"href":"https:\/\/centralmedia.rs\/index.php\/wp-json\/wp\/v2\/posts"}],"about":[{"href":"https:\/\/centralmedia.rs\/index.php\/wp-json\/wp\/v2\/types\/post"}],"author":[{"embeddable":true,"href":"https:\/\/centralmedia.rs\/index.php\/wp-json\/wp\/v2\/users\/2"}],"replies":[{"embeddable":true,"href":"https:\/\/centralmedia.rs\/index.php\/wp-json\/wp\/v2\/comments?post=33229"}],"version-history":[{"count":3,"href":"https:\/\/centralmedia.rs\/index.php\/wp-json\/wp\/v2\/posts\/33229\/revisions"}],"predecessor-version":[{"id":33238,"href":"https:\/\/centralmedia.rs\/index.php\/wp-json\/wp\/v2\/posts\/33229\/revisions\/33238"}],"wp:featuredmedia":[{"embeddable":true,"href":"https:\/\/centralmedia.rs\/index.php\/wp-json\/wp\/v2\/media\/33231"}],"wp:attachment":[{"href":"https:\/\/centralmedia.rs\/index.php\/wp-json\/wp\/v2\/media?parent=33229"}],"wp:term":[{"taxonomy":"category","embeddable":true,"href":"https:\/\/centralmedia.rs\/index.php\/wp-json\/wp\/v2\/categories?post=33229"},{"taxonomy":"post_tag","embeddable":true,"href":"https:\/\/centralmedia.rs\/index.php\/wp-json\/wp\/v2\/tags?post=33229"}],"curies":[{"name":"wp","href":"https:\/\/api.w.org\/{rel}","templated":true}]}}