{"id":33239,"date":"2022-11-09T12:36:10","date_gmt":"2022-11-09T11:36:10","guid":{"rendered":"http:\/\/centralmedia.rs\/?p=33239"},"modified":"2022-11-15T21:30:22","modified_gmt":"2022-11-15T20:30:22","slug":"milosavljevic-na-celu-jagodinskih-socijalista","status":"publish","type":"post","link":"https:\/\/centralmedia.rs\/index.php\/2022\/11\/09\/milosavljevic-na-celu-jagodinskih-socijalista\/","title":{"rendered":"MILOSAVLJEVI\u0106 NA \u010cELU JAGODINSKIH SOCIJALISTA"},"content":{"rendered":"<p>JAGODINA-\u010clanovi izborne konferencije SPS Jagodina jedoglasno su za predsednika Gradskog odbora \u00a0izabrali Gorana Milosavljevi\u0107a, koji je na \u010delu jagodinskih socijalista od 2006. godine. Za predsednika SPS, koji \u0107e biti izabran na Kongresu te stranke 17. decembra, \u00a0jednoglasno je podr\u017ean Ivica Da\u010di\u0107. Konfereciji je prisustvovao potpredsednik SPS Branko Ru\u017ei\u0107.<\/p>\n<div id='gallery-1' class='gallery galleryid-33239 gallery-columns-2 gallery-size-thumbnail'><figure class='gallery-item'>\n\t\t\t<div class='gallery-icon landscape'>\n\t\t\t\t<a href='https:\/\/centralmedia.rs\/index.php\/2022\/11\/09\/milosavljevic-na-celu-jagodinskih-socijalista\/sps1-2\/'><img loading=\"lazy\" decoding=\"async\" width=\"150\" height=\"150\" src=\"https:\/\/centralmedia.rs\/wp-content\/uploads\/2022\/11\/sps1-150x150.jpg\" class=\"attachment-thumbnail size-thumbnail\" alt=\"\" \/><\/a>\n\t\t\t<\/div><\/figure><figure class='gallery-item'>\n\t\t\t<div class='gallery-icon landscape'>\n\t\t\t\t<a href='https:\/\/centralmedia.rs\/index.php\/2022\/11\/09\/milosavljevic-na-celu-jagodinskih-socijalista\/sps2\/'><img loading=\"lazy\" decoding=\"async\" width=\"150\" height=\"150\" src=\"https:\/\/centralmedia.rs\/wp-content\/uploads\/2022\/11\/sps2-150x150.jpg\" class=\"attachment-thumbnail size-thumbnail\" alt=\"\" \/><\/a>\n\t\t\t<\/div><\/figure>\n\t\t<\/div>\n\n","protected":false},"excerpt":{"rendered":"<p>JAGODINA-\u010clanovi izborne konferencije SPS Jagodina jedoglasno su za predsednika Gradskog odbora \u00a0izabrali Gorana Milosavljevi\u0107a, koji je na \u010delu jagodinskih socijalista od 2006. godine. Za predsednika &hellip; <\/p>\n","protected":false},"author":2,"featured_media":33240,"comment_status":"open","ping_status":"open","sticky":false,"template":"","format":"standard","meta":{"footnotes":""},"categories":[1524,2,5643,1514,13,887,12],"tags":[4307,6010,58,406],"_links":{"self":[{"href":"https:\/\/centralmedia.rs\/index.php\/wp-json\/wp\/v2\/posts\/33239"}],"collection":[{"href":"https:\/\/centralmedia.rs\/index.php\/wp-json\/wp\/v2\/posts"}],"about":[{"href":"https:\/\/centralmedia.rs\/index.php\/wp-json\/wp\/v2\/types\/post"}],"author":[{"embeddable":true,"href":"https:\/\/centralmedia.rs\/index.php\/wp-json\/wp\/v2\/users\/2"}],"replies":[{"embeddable":true,"href":"https:\/\/centralmedia.rs\/index.php\/wp-json\/wp\/v2\/comments?post=33239"}],"version-history":[{"count":3,"href":"https:\/\/centralmedia.rs\/index.php\/wp-json\/wp\/v2\/posts\/33239\/revisions"}],"predecessor-version":[{"id":33245,"href":"https:\/\/centralmedia.rs\/index.php\/wp-json\/wp\/v2\/posts\/33239\/revisions\/33245"}],"wp:featuredmedia":[{"embeddable":true,"href":"https:\/\/centralmedia.rs\/index.php\/wp-json\/wp\/v2\/media\/33240"}],"wp:attachment":[{"href":"https:\/\/centralmedia.rs\/index.php\/wp-json\/wp\/v2\/media?parent=33239"}],"wp:term":[{"taxonomy":"category","embeddable":true,"href":"https:\/\/centralmedia.rs\/index.php\/wp-json\/wp\/v2\/categories?post=33239"},{"taxonomy":"post_tag","embeddable":true,"href":"https:\/\/centralmedia.rs\/index.php\/wp-json\/wp\/v2\/tags?post=33239"}],"curies":[{"name":"wp","href":"https:\/\/api.w.org\/{rel}","templated":true}]}}