{"id":33246,"date":"2022-11-09T15:10:10","date_gmt":"2022-11-09T14:10:10","guid":{"rendered":"http:\/\/centralmedia.rs\/?p=33246"},"modified":"2022-11-14T11:10:58","modified_gmt":"2022-11-14T10:10:58","slug":"program-prirodnjackog-centra","status":"publish","type":"post","link":"https:\/\/centralmedia.rs\/index.php\/2022\/11\/09\/program-prirodnjackog-centra\/","title":{"rendered":"PROGRAM PRIRODNJA\u010cKOG CENTRA"},"content":{"rendered":"<p>SVILAJNAC-Prirodnja\u010dki centar u Svilajncu pripremio je bogat program za sve svoje posetioce za predstoje\u0107e neradne dane. Ukoliko \u017eelite da porodi\u010dno kvalitetno provedete slobodne dane Prirodnja\u010dki centar pravo je mesto u kome \u0107e u\u017eivati i deca i roditelji.<\/p>\n<div id='gallery-1' class='gallery galleryid-33246 gallery-columns-4 gallery-size-thumbnail'><figure class='gallery-item'>\n\t\t\t<div class='gallery-icon landscape'>\n\t\t\t\t<a href='https:\/\/centralmedia.rs\/index.php\/2022\/11\/09\/program-prirodnjackog-centra\/drzavni-praznik-c_02\/'><img loading=\"lazy\" decoding=\"async\" width=\"150\" height=\"150\" src=\"https:\/\/centralmedia.rs\/wp-content\/uploads\/2022\/11\/Drzavni-praznik-C_02-150x150.jpg\" class=\"attachment-thumbnail size-thumbnail\" alt=\"\" srcset=\"https:\/\/centralmedia.rs\/wp-content\/uploads\/2022\/11\/Drzavni-praznik-C_02-150x150.jpg 150w, https:\/\/centralmedia.rs\/wp-content\/uploads\/2022\/11\/Drzavni-praznik-C_02-300x300.jpg 300w, https:\/\/centralmedia.rs\/wp-content\/uploads\/2022\/11\/Drzavni-praznik-C_02-768x768.jpg 768w, https:\/\/centralmedia.rs\/wp-content\/uploads\/2022\/11\/Drzavni-praznik-C_02-1024x1024.jpg 1024w, https:\/\/centralmedia.rs\/wp-content\/uploads\/2022\/11\/Drzavni-praznik-C_02-420x420.jpg 420w, https:\/\/centralmedia.rs\/wp-content\/uploads\/2022\/11\/Drzavni-praznik-C_02-640x640.jpg 640w, https:\/\/centralmedia.rs\/wp-content\/uploads\/2022\/11\/Drzavni-praznik-C_02-681x681.jpg 681w, https:\/\/centralmedia.rs\/wp-content\/uploads\/2022\/11\/Drzavni-praznik-C_02.jpg 1080w\" sizes=\"(max-width: 150px) 100vw, 150px\" \/><\/a>\n\t\t\t<\/div><\/figure><figure class='gallery-item'>\n\t\t\t<div class='gallery-icon landscape'>\n\t\t\t\t<a href='https:\/\/centralmedia.rs\/index.php\/2022\/11\/09\/program-prirodnjackog-centra\/drzavni-praznik-c_03\/'><img loading=\"lazy\" decoding=\"async\" width=\"150\" height=\"150\" src=\"https:\/\/centralmedia.rs\/wp-content\/uploads\/2022\/11\/Drzavni-praznik-C_03-150x150.jpg\" class=\"attachment-thumbnail size-thumbnail\" alt=\"\" srcset=\"https:\/\/centralmedia.rs\/wp-content\/uploads\/2022\/11\/Drzavni-praznik-C_03-150x150.jpg 150w, https:\/\/centralmedia.rs\/wp-content\/uploads\/2022\/11\/Drzavni-praznik-C_03-300x300.jpg 300w, https:\/\/centralmedia.rs\/wp-content\/uploads\/2022\/11\/Drzavni-praznik-C_03-768x768.jpg 768w, https:\/\/centralmedia.rs\/wp-content\/uploads\/2022\/11\/Drzavni-praznik-C_03-1024x1024.jpg 1024w, https:\/\/centralmedia.rs\/wp-content\/uploads\/2022\/11\/Drzavni-praznik-C_03-420x420.jpg 420w, https:\/\/centralmedia.rs\/wp-content\/uploads\/2022\/11\/Drzavni-praznik-C_03-640x640.jpg 640w, https:\/\/centralmedia.rs\/wp-content\/uploads\/2022\/11\/Drzavni-praznik-C_03-681x681.jpg 681w, https:\/\/centralmedia.rs\/wp-content\/uploads\/2022\/11\/Drzavni-praznik-C_03.jpg 1080w\" sizes=\"(max-width: 150px) 100vw, 150px\" \/><\/a>\n\t\t\t<\/div><\/figure><figure class='gallery-item'>\n\t\t\t<div class='gallery-icon landscape'>\n\t\t\t\t<a href='https:\/\/centralmedia.rs\/index.php\/2022\/11\/09\/program-prirodnjackog-centra\/drzavni-praznik-c_04\/'><img loading=\"lazy\" decoding=\"async\" width=\"150\" height=\"150\" src=\"https:\/\/centralmedia.rs\/wp-content\/uploads\/2022\/11\/Drzavni-praznik-C_04-150x150.jpg\" class=\"attachment-thumbnail size-thumbnail\" alt=\"\" srcset=\"https:\/\/centralmedia.rs\/wp-content\/uploads\/2022\/11\/Drzavni-praznik-C_04-150x150.jpg 150w, https:\/\/centralmedia.rs\/wp-content\/uploads\/2022\/11\/Drzavni-praznik-C_04-300x300.jpg 300w, https:\/\/centralmedia.rs\/wp-content\/uploads\/2022\/11\/Drzavni-praznik-C_04-768x768.jpg 768w, https:\/\/centralmedia.rs\/wp-content\/uploads\/2022\/11\/Drzavni-praznik-C_04-1024x1024.jpg 1024w, https:\/\/centralmedia.rs\/wp-content\/uploads\/2022\/11\/Drzavni-praznik-C_04-420x420.jpg 420w, https:\/\/centralmedia.rs\/wp-content\/uploads\/2022\/11\/Drzavni-praznik-C_04-640x640.jpg 640w, https:\/\/centralmedia.rs\/wp-content\/uploads\/2022\/11\/Drzavni-praznik-C_04-681x681.jpg 681w, https:\/\/centralmedia.rs\/wp-content\/uploads\/2022\/11\/Drzavni-praznik-C_04.jpg 1080w\" sizes=\"(max-width: 150px) 100vw, 150px\" \/><\/a>\n\t\t\t<\/div><\/figure><figure class='gallery-item'>\n\t\t\t<div class='gallery-icon landscape'>\n\t\t\t\t<a href='https:\/\/centralmedia.rs\/index.php\/2022\/11\/09\/program-prirodnjackog-centra\/drzavni-praznik-c_01\/'><img loading=\"lazy\" decoding=\"async\" width=\"150\" height=\"150\" src=\"https:\/\/centralmedia.rs\/wp-content\/uploads\/2022\/11\/Drzavni-praznik-C_01-150x150.jpg\" class=\"attachment-thumbnail size-thumbnail\" alt=\"\" srcset=\"https:\/\/centralmedia.rs\/wp-content\/uploads\/2022\/11\/Drzavni-praznik-C_01-150x150.jpg 150w, https:\/\/centralmedia.rs\/wp-content\/uploads\/2022\/11\/Drzavni-praznik-C_01-300x300.jpg 300w, https:\/\/centralmedia.rs\/wp-content\/uploads\/2022\/11\/Drzavni-praznik-C_01-768x768.jpg 768w, https:\/\/centralmedia.rs\/wp-content\/uploads\/2022\/11\/Drzavni-praznik-C_01-1024x1024.jpg 1024w, https:\/\/centralmedia.rs\/wp-content\/uploads\/2022\/11\/Drzavni-praznik-C_01-420x420.jpg 420w, https:\/\/centralmedia.rs\/wp-content\/uploads\/2022\/11\/Drzavni-praznik-C_01-640x640.jpg 640w, https:\/\/centralmedia.rs\/wp-content\/uploads\/2022\/11\/Drzavni-praznik-C_01-681x681.jpg 681w, https:\/\/centralmedia.rs\/wp-content\/uploads\/2022\/11\/Drzavni-praznik-C_01.jpg 1080w\" sizes=\"(max-width: 150px) 100vw, 150px\" \/><\/a>\n\t\t\t<\/div><\/figure>\n\t\t<\/div>\n\n<p>Program:<\/p>\n<p><strong><u>Petak:<\/u><\/strong><\/p>\n<p>11h \u2013 Vodi\u010dka tura<\/p>\n<p>12 h \u2013 Maskina laboratorija<\/p>\n<p>13 h \u2013 Bioskopska projekcija<\/p>\n<p>14 h \u2013 Vodi\u010dka tura<\/p>\n<p>15 h \u2013 Hvata\u010d vetra<\/p>\n<p>16 h \u2013 Bioskopska projekcija<\/p>\n<p>&nbsp;<\/p>\n<p><strong><u>Subota:<\/u><\/strong><\/p>\n<p>11h \u2013 Vodi\u010dka tura<\/p>\n<p>12 h \u2013 Maksina laboratorija<\/p>\n<p>13 h \u2013 Bioskopska projekcija<\/p>\n<p>14 h \u2013 Vodi\u010dka tura<\/p>\n<p>15 h \u2013 Boje jeseni<\/p>\n<p>16 h \u2013 Bioskopska projekcija<\/p>\n<p>&nbsp;<\/p>\n<p><strong><u>Subota:<\/u><\/strong><\/p>\n<p>11h \u2013 Vodi\u010dka tura<\/p>\n<p>12 h \u2013 Livada pe\u010duraka<\/p>\n<p>13 h \u2013 Bioskopska projekcija<\/p>\n<p>14 h \u2013 Livada pe\u010duraka<\/p>\n<p>15 h \u2013 Hvata\u010d vetra<\/p>\n<p>16 h \u2013 Bioskopska projekcija<\/p>\n<p>&nbsp;<\/p>\n<p>Radionica \u201eHvata\u010d vetra\u201c \u2013 Najmla\u0111i posetioci \u0107e uz pomo\u0107 kartona i krep papira po sopstvenom izboru i vo\u0111eni ma\u0161tom napraviti svoj hvata\u010d vetra.<\/p>\n<p>Radionica \u201eBoje jeseni\u201c \u2013 Na prethodno izrezanom listu, najmla\u0111i posetioci \u0107e lepiti razli\u010dite materijale i na taj na\u010din \u0107e osmisliti izgled svoj jesenjeg lista koji \u0107e poneti kao uspomenu.<\/p>\n<p>Radionica \u201eLivada pe\u010duraka\u201c \u2013 Deca \u0107e obojiti svoju poe\u010durku od kartona i dati joj ime.<\/p>\n<p>&nbsp;<\/p>\n<p>Pored radionica, o\u010dekuje vas i \u201eMaksina laboratorija\u201c u petak i subotu od 12 \u010dasova.<\/p>\n","protected":false},"excerpt":{"rendered":"<p>SVILAJNAC-Prirodnja\u010dki centar u Svilajncu pripremio je bogat program za sve svoje posetioce za predstoje\u0107e neradne dane. Ukoliko \u017eelite da porodi\u010dno kvalitetno provedete slobodne dane Prirodnja\u010dki &hellip; <\/p>\n","protected":false},"author":2,"featured_media":33247,"comment_status":"open","ping_status":"open","sticky":false,"template":"","format":"standard","meta":{"footnotes":""},"categories":[1524,2,23,887,1517,5785,3054],"tags":[6011,288,38],"_links":{"self":[{"href":"https:\/\/centralmedia.rs\/index.php\/wp-json\/wp\/v2\/posts\/33246"}],"collection":[{"href":"https:\/\/centralmedia.rs\/index.php\/wp-json\/wp\/v2\/posts"}],"about":[{"href":"https:\/\/centralmedia.rs\/index.php\/wp-json\/wp\/v2\/types\/post"}],"author":[{"embeddable":true,"href":"https:\/\/centralmedia.rs\/index.php\/wp-json\/wp\/v2\/users\/2"}],"replies":[{"embeddable":true,"href":"https:\/\/centralmedia.rs\/index.php\/wp-json\/wp\/v2\/comments?post=33246"}],"version-history":[{"count":1,"href":"https:\/\/centralmedia.rs\/index.php\/wp-json\/wp\/v2\/posts\/33246\/revisions"}],"predecessor-version":[{"id":33251,"href":"https:\/\/centralmedia.rs\/index.php\/wp-json\/wp\/v2\/posts\/33246\/revisions\/33251"}],"wp:featuredmedia":[{"embeddable":true,"href":"https:\/\/centralmedia.rs\/index.php\/wp-json\/wp\/v2\/media\/33247"}],"wp:attachment":[{"href":"https:\/\/centralmedia.rs\/index.php\/wp-json\/wp\/v2\/media?parent=33246"}],"wp:term":[{"taxonomy":"category","embeddable":true,"href":"https:\/\/centralmedia.rs\/index.php\/wp-json\/wp\/v2\/categories?post=33246"},{"taxonomy":"post_tag","embeddable":true,"href":"https:\/\/centralmedia.rs\/index.php\/wp-json\/wp\/v2\/tags?post=33246"}],"curies":[{"name":"wp","href":"https:\/\/api.w.org\/{rel}","templated":true}]}}