{"id":33260,"date":"2022-11-14T11:13:43","date_gmt":"2022-11-14T10:13:43","guid":{"rendered":"http:\/\/centralmedia.rs\/?p=33260"},"modified":"2022-11-21T13:38:41","modified_gmt":"2022-11-21T12:38:41","slug":"palma-pretnja-aleksandru-vucicu-od-strane-kriminalnih-grupa-ista-rezija-kao-u-slucaju-zorana-dindica","status":"publish","type":"post","link":"https:\/\/centralmedia.rs\/index.php\/2022\/11\/14\/palma-pretnja-aleksandru-vucicu-od-strane-kriminalnih-grupa-ista-rezija-kao-u-slucaju-zorana-dindica\/","title":{"rendered":"PALMA :  PRETNjA ALEKSANDRU VU\u010cI\u0106U OD STRANE KRIMINALNIH GRUPA ISTA RE\u017dIJA KAO U SLU\u010cAJU ZORANA \u0110IN\u0110I\u0106A"},"content":{"rendered":"<p>\u201eNakon \u0161to je na\u010delnik Slu\u017ebe za borbu protiv organizovanog kriminala Ninoslav Cmoli\u0107 izjavio je da je kriminalna grupa \u201eVra\u010darci\u201c predsednika Srbije Aleksandra Vu\u010di\u0107a videla kao najve\u0107u pretnju i da su se dvoumili da li da ga ubiju ili da mu nanesu du\u0161evnu bol tako \u0161to bi mu ubili dete, mo\u017eemo re\u0107i da je to ista re\u017eija kao u slu\u010daju ubistva premijera Srbije Zorana \u0110in\u0111i\u0107a 2003. godine. O\u010digledno je da predsednik Srbije nekome smeta. Ali kod tog slu\u010daja treba staviti ta\u010dku na sramne optu\u017ebe opozicije da je neko iz vrha dr\u017eave sara\u0111ivao sa tim kriminalnim grupama. Da je bilo ko iz vrha dr\u017eave sara\u0111ivao sa bilo kim iz tih kriminalnih grupa, one Belivukove i ove \u201eVra\u010darci\u201c, oni ne bi bili pohap\u0161eni. O\u010digledno je da su optu\u017ebe opozicije sramne i la\u017ene. Srpske slu\u017ebe bezbednosti veoma dobro obavljaju svoj posao i Srbija vi\u0161e nikada ne sme dozvoliti da nam se desi ono \u0161to nam se desilo sa predsednikom vlade 2003. godine\u201c, rekao je predsednik Jedinstvene Srbije Dragan Markovi\u0107 Palma gostuju\u0107i na televizji Pink.<\/p>\n<p>KURTI JE ZA RAT, A NE ZA OTVORENI BALKAN. EVROPSKA UNIJA KR\u0160I ME\u0110UNARODNO PRAVO \u2013 U KOM SPORAZUMU PI\u0160E TO \u0160TO RADI KURTI SA REGISTARSKIM OZNAKAMA ?<\/p>\n<p>\u201eOgroman je pritisak na predsednika Srbije Aleksandra Vu\u010di\u0107a poslednjih 5 \u2013 6 godina po pitanju Kosova i Metohije. Nikada vi\u0161e sastanaka nije bilo nego poslednjih dana i meseci. \u017dozef Borelj i Miroslav Laj\u010dak dolaze iz \u0160panije i Slova\u010dke, zemalja koje nisu priznale takozvano nezavisno Kosovo. Pre nego \u0161to je Borelj izabran na funkciju \u0161efa diplomatije Evropske unije, mi smo rekli \u201esuper, jer dolazi iz \u0160panije i sprovodi\u0107e se ono \u0161to pi\u0161e u Rezoluciji 1244 i Briselskom sporazumu. Nijedno ni drugo se ne po\u0161tuje. Ja sada pitam i Borelja i Laj\u010daka \u201egde to pi\u0161e \u0161to radi Kurti sa registarskim oznakama, sa opomenama i najavom ka\u017enjavanja onih koji ne po\u0161tuju jednostranu odluku Pri\u0161tine\u201c. To nigde ne pi\u0161e. A za\u0161to onda vi gospodo Borelj i Laj\u010dak ne postavite ultimatum Kurtiju sa rokom od deset dana da prekine sa onim \u0161to nigde ne pi\u0161e, a vezano je za registarske oznake i da pitate Kurtija \u201eza\u0161to radite to \u0161to nigde ne pi\u0161e\u201c. Da li je to kr\u0161enje me\u0111unarodng prava ? Jeste. To zna\u010di da me\u0111unarodno pravo kr\u0161i i sama Evropska unija. Koga vi zastupate Borelj i Laj\u010dak ? O\u010digledno je da personalne promene ne zna\u010de ni\u0161ta i da je politika prema Srbija ista kao i 90 \u2013 ih godina\u201c, izjavio je predsednik Jedinstvene Srbije Markovi\u0107 Palma. \u201eEvo bile su zadu\u0161nice pro\u0161le subote i videli su svi koliko je nadgrobnih spomenika poru\u0161eno na srpskim pravoslavnim grobljima na Kosovu i Metohiji. Da li su osudili to Borelj i Laj\u010dak i rekli \u201eosu\u0111ujemo taj zlo\u010dina\u010dki \u010din i tra\u017eimo da se krivci prona\u0111u i procesuiraju\u201c. Nisu. O\u010digledno je da mi sami moramo da se borimo, a na\u0161a sre\u0107a je \u0161to vi\u0161e nismo ekonomski zavisnici, nego je Srbija danas ekonomski mo\u0107nik ne samo na Balkanu, nego i u Evropi, zahvaljuju\u0107i predsedniku Srbije Aleksandru Vu\u010di\u0107u. Dobro smo se pripemili za zimu, imamo najjeftiniju struju i energente, \u0161to mo\u017eda nekome i smeta\u201c, rekao je Markovi\u0107. \u201eJa sada pitam Albina Kurtija \u201eda li si za Otvoreni Balkan ili za rat\u201c. O\u010digledan je njegov odgovor da je za rat i sve radi da do toga do\u0111e. Srbija ne\u0107e ratovati, osim ako neko napadne srpski narod na Kosovu i Metohiji, posle odluke da napuste sve kosovske institucije, Ko \u0107e da brani srpski narod na Kosovu i Metohiji ? Srbi ne\u0107e da daju korpus delikt niti \u0107e ikoga da izazivaju. Srbi su napustii kosovske institucije, jer vi\u0161e nisu mogli to da trpe, a sada Albanci poku\u0161avaju da na\u0111u njima podobne Srbe da popune ta mesta. Sada Albanci na Kosovu i Metohiji ho\u0107e da kadroviraju sa Srbima. Stra\u0161no me nervira kada \u010dujem iz me\u0111unarodne zajednice kada ka\u017eu \u201eobe strane\u201c. Koje obe strane ? Ima samo jedna strana koje ne po\u0161tuje ni\u0161ta \u0161to je potpisano, a \u017eeli da nametne ne\u0161to \u0161to nigde nije potpisano, a to su kosovski Albanci\u201c, kazao je Dragan Markovi\u0107 Palma.<\/p>\n","protected":false},"excerpt":{"rendered":"<p>\u201eNakon \u0161to je na\u010delnik Slu\u017ebe za borbu protiv organizovanog kriminala Ninoslav Cmoli\u0107 izjavio je da je kriminalna grupa \u201eVra\u010darci\u201c predsednika Srbije Aleksandra Vu\u010di\u0107a videla kao &hellip; <\/p>\n","protected":false},"author":2,"featured_media":33261,"comment_status":"open","ping_status":"open","sticky":false,"template":"","format":"standard","meta":{"footnotes":""},"categories":[1524,2,5643,1514,13,887,12],"tags":[120,5014,63],"_links":{"self":[{"href":"https:\/\/centralmedia.rs\/index.php\/wp-json\/wp\/v2\/posts\/33260"}],"collection":[{"href":"https:\/\/centralmedia.rs\/index.php\/wp-json\/wp\/v2\/posts"}],"about":[{"href":"https:\/\/centralmedia.rs\/index.php\/wp-json\/wp\/v2\/types\/post"}],"author":[{"embeddable":true,"href":"https:\/\/centralmedia.rs\/index.php\/wp-json\/wp\/v2\/users\/2"}],"replies":[{"embeddable":true,"href":"https:\/\/centralmedia.rs\/index.php\/wp-json\/wp\/v2\/comments?post=33260"}],"version-history":[{"count":1,"href":"https:\/\/centralmedia.rs\/index.php\/wp-json\/wp\/v2\/posts\/33260\/revisions"}],"predecessor-version":[{"id":33262,"href":"https:\/\/centralmedia.rs\/index.php\/wp-json\/wp\/v2\/posts\/33260\/revisions\/33262"}],"wp:featuredmedia":[{"embeddable":true,"href":"https:\/\/centralmedia.rs\/index.php\/wp-json\/wp\/v2\/media\/33261"}],"wp:attachment":[{"href":"https:\/\/centralmedia.rs\/index.php\/wp-json\/wp\/v2\/media?parent=33260"}],"wp:term":[{"taxonomy":"category","embeddable":true,"href":"https:\/\/centralmedia.rs\/index.php\/wp-json\/wp\/v2\/categories?post=33260"},{"taxonomy":"post_tag","embeddable":true,"href":"https:\/\/centralmedia.rs\/index.php\/wp-json\/wp\/v2\/tags?post=33260"}],"curies":[{"name":"wp","href":"https:\/\/api.w.org\/{rel}","templated":true}]}}