{"id":33270,"date":"2022-11-15T15:46:20","date_gmt":"2022-11-15T14:46:20","guid":{"rendered":"http:\/\/centralmedia.rs\/?p=33270"},"modified":"2022-11-17T21:23:16","modified_gmt":"2022-11-17T20:23:16","slug":"radovi-u-bresju","status":"publish","type":"post","link":"https:\/\/centralmedia.rs\/index.php\/2022\/11\/15\/radovi-u-bresju\/","title":{"rendered":"RADOVI U BRESJU"},"content":{"rendered":"<p>SVILAJNAC-U Bresju kod Svilajnca u toku su radovi na izgradnji vodovodne mre\u017ee, koji se privode kraju, tako \u0107e me\u0161tani ovog sela dobiti od slede\u0107e godine ispravnu pija\u0107u vodu.<\/p>\n<div id='gallery-1' class='gallery galleryid-33270 gallery-columns-4 gallery-size-thumbnail'><figure class='gallery-item'>\n\t\t\t<div class='gallery-icon landscape'>\n\t\t\t\t<a href='https:\/\/centralmedia.rs\/index.php\/2022\/11\/15\/radovi-u-bresju\/bresje1\/'><img loading=\"lazy\" decoding=\"async\" width=\"150\" height=\"150\" src=\"https:\/\/centralmedia.rs\/wp-content\/uploads\/2022\/11\/bresje1-150x150.jpg\" class=\"attachment-thumbnail size-thumbnail\" alt=\"\" \/><\/a>\n\t\t\t<\/div><\/figure><figure class='gallery-item'>\n\t\t\t<div class='gallery-icon landscape'>\n\t\t\t\t<a href='https:\/\/centralmedia.rs\/index.php\/2022\/11\/15\/radovi-u-bresju\/bresje2\/'><img loading=\"lazy\" decoding=\"async\" width=\"150\" height=\"150\" src=\"https:\/\/centralmedia.rs\/wp-content\/uploads\/2022\/11\/bresje2-150x150.jpg\" class=\"attachment-thumbnail size-thumbnail\" alt=\"\" \/><\/a>\n\t\t\t<\/div><\/figure><figure class='gallery-item'>\n\t\t\t<div class='gallery-icon landscape'>\n\t\t\t\t<a href='https:\/\/centralmedia.rs\/index.php\/2022\/11\/15\/radovi-u-bresju\/bresje3\/'><img loading=\"lazy\" decoding=\"async\" width=\"150\" height=\"150\" src=\"https:\/\/centralmedia.rs\/wp-content\/uploads\/2022\/11\/bresje3-150x150.jpg\" class=\"attachment-thumbnail size-thumbnail\" alt=\"\" \/><\/a>\n\t\t\t<\/div><\/figure><figure class='gallery-item'>\n\t\t\t<div class='gallery-icon landscape'>\n\t\t\t\t<a href='https:\/\/centralmedia.rs\/index.php\/2022\/11\/15\/radovi-u-bresju\/bresje\/'><img loading=\"lazy\" decoding=\"async\" width=\"150\" height=\"150\" src=\"https:\/\/centralmedia.rs\/wp-content\/uploads\/2022\/11\/bresje-150x150.jpg\" class=\"attachment-thumbnail size-thumbnail\" alt=\"\" \/><\/a>\n\t\t\t<\/div><\/figure>\n\t\t<\/div>\n\n<p>Radove je obi\u0161ao predsednik op\u0161tine Svilajnac Predrag Milanovi\u0107 koji je rekao da je ostalo jo\u0161 oko kilometar mre\u017ee do kraja izgradnje:<\/p>\n<p>\u201eOvde \u0107e dolaziti voda sa izvori\u0161ta iz Svilajnca, tako da \u0107e i me\u0161tani Svilajnca i me\u0161tani Bresja piti istu vodu za \u0161ta smo se zalagali svih ovih godina. Bresje je poslednje selo na teritoriji na\u0161e op\u0161tine u kome se gradi vodovodna mre\u017ea\u201c \u2013 izjavio je Milanovi\u0107 istakav\u0161i da je plan da se naredne godine rade priklju\u010dci na vodovodnu mre\u017eu.<\/p>\n<p>Milanovi\u0107 je tako\u0111e obi\u0161ao i novoizgra\u0111eni lova\u010dki dom u Bresju, koji su zajedni\u010dki izgradili lokalna samouprava, me\u0161tani i lovci:<\/p>\n<p>\u201eUra\u0111en je odli\u010dan posao, ovo je jedan od lep\u0161ih lova\u010dkih domova i ostalo je jo\u0161 da uradimo priklju\u010dak za struju i da krene da se koristi. Skoro sve sekcije u selima na\u0161e op\u0161tine dobile su lova\u010dke domove i mislim da je to dobro i za organizaciju i za dru\u017eenje\u201c \u2013 rekao je Milanovi\u0107 koji je ovom prilikom pozvao gra\u0111ane\u00a0 mesnih zajednica da u nedelju 20. novembra iza\u0111u na referendum o samodoprinosu:<\/p>\n<p>\u201eSva sela i grad imaju mesne zajednice i na njihovu inicijativu sprove\u0161\u0107emo glasanje za uvo\u0111enje samodoprinosa. Pozivam gra\u0111ane da iza\u0111u i izraze svoj stav. Smatram da je potrebno uvesti samodoprinos, kako bi mesne zajednice imale neki svoj bud\u017eet iz kojeg bi mogle da rade odr\u017eavanja i re\u0161avaju neke teku\u0107e probleme i potrebe. Nije mogu\u0107e sve u svakoj mesnoj zajednici finansirati iz op\u0161tinskog bud\u017eeta, niti je mogu\u0107e da smo prisutni svakog dana u svakoj mesnoj zajednici. Na ovaj na\u010din mesne zajednice mo\u0107i \u0107e samostalno da re\u0161avaju svoje teku\u0107e probleme. Ja li\u010dno iza\u0107i \u0107u u nedelju na referendum i glasati za uvo\u0111enje samodoprinosa\u201c \u2013 objasnio je on.<\/p>\n","protected":false},"excerpt":{"rendered":"<p>SVILAJNAC-U Bresju kod Svilajnca u toku su radovi na izgradnji vodovodne mre\u017ee, koji se privode kraju, tako \u0107e me\u0161tani ovog sela dobiti od slede\u0107e godine &hellip; <\/p>\n","protected":false},"author":2,"featured_media":33271,"comment_status":"open","ping_status":"open","sticky":false,"template":"","format":"standard","meta":{"footnotes":""},"categories":[1524,2,887,16,12,1517,5785],"tags":[785,38],"_links":{"self":[{"href":"https:\/\/centralmedia.rs\/index.php\/wp-json\/wp\/v2\/posts\/33270"}],"collection":[{"href":"https:\/\/centralmedia.rs\/index.php\/wp-json\/wp\/v2\/posts"}],"about":[{"href":"https:\/\/centralmedia.rs\/index.php\/wp-json\/wp\/v2\/types\/post"}],"author":[{"embeddable":true,"href":"https:\/\/centralmedia.rs\/index.php\/wp-json\/wp\/v2\/users\/2"}],"replies":[{"embeddable":true,"href":"https:\/\/centralmedia.rs\/index.php\/wp-json\/wp\/v2\/comments?post=33270"}],"version-history":[{"count":3,"href":"https:\/\/centralmedia.rs\/index.php\/wp-json\/wp\/v2\/posts\/33270\/revisions"}],"predecessor-version":[{"id":33278,"href":"https:\/\/centralmedia.rs\/index.php\/wp-json\/wp\/v2\/posts\/33270\/revisions\/33278"}],"wp:featuredmedia":[{"embeddable":true,"href":"https:\/\/centralmedia.rs\/index.php\/wp-json\/wp\/v2\/media\/33271"}],"wp:attachment":[{"href":"https:\/\/centralmedia.rs\/index.php\/wp-json\/wp\/v2\/media?parent=33270"}],"wp:term":[{"taxonomy":"category","embeddable":true,"href":"https:\/\/centralmedia.rs\/index.php\/wp-json\/wp\/v2\/categories?post=33270"},{"taxonomy":"post_tag","embeddable":true,"href":"https:\/\/centralmedia.rs\/index.php\/wp-json\/wp\/v2\/tags?post=33270"}],"curies":[{"name":"wp","href":"https:\/\/api.w.org\/{rel}","templated":true}]}}