{"id":33282,"date":"2022-11-15T21:28:55","date_gmt":"2022-11-15T20:28:55","guid":{"rendered":"http:\/\/centralmedia.rs\/?p=33282"},"modified":"2022-11-21T13:39:00","modified_gmt":"2022-11-21T12:39:00","slug":"profesor-marko-dordevic-dobitnik-nagrade-dr-marko-mladenovic-za-tv-projekat-moja-dedovina","status":"publish","type":"post","link":"https:\/\/centralmedia.rs\/index.php\/2022\/11\/15\/profesor-marko-dordevic-dobitnik-nagrade-dr-marko-mladenovic-za-tv-projekat-moja-dedovina\/","title":{"rendered":"PROFESOR MARKO \u0110OR\u0110EVI\u0106 DOBITNIK NAGRADE \u201eDR MARKO MLADENOVI\u0106\u201c  ZA TV PROJEKAT \u201eMOJA DEDOVINA\u201c"},"content":{"rendered":"<p>Univerzitetski profesor i televizijski producent, dr Marko M. \u0110or\u0111evi\u0107, jedan je od ovogodi\u0161njih laureata\u00a0 nagrade \u201eDr Marko Mladenovi\u0107\u201c za televizijski serijal\u00a0 \u201eMoja dedovina.\u201c Ovu nagradu je 2018. ustanovio Medijski forum u Topoli, a dodeljuje se uz podr\u0161ku Ministarstva kulture i informisanja Vlade Republike Srbije za medijski doprinos borbi protiv depopulacije u Srbiji. Ovogodi\u0161nji laureati su i Vladimir Lojanica, dopisnik dnevnog lista \u201eBlic\u201c iz U\u017eica i Emir Li\u010dina, novinar iz Novog Pazara, a dosada\u0161nji dobitnici nagrade su Milan Popovi\u0107, televizijski autor i novinar (\u201eZadnja ku\u0107a-Srbija\u201c), Branko Stankovi\u0107, televizijski autor i novinar (\u201eKvadratura kruga\u201c) i Ljubivoje R\u0161umovi\u0107, velikan pesni\u0161tva za decu i majstor TV stvarala\u0161tva.<\/p>\n<p>Profesor \u0110or\u0111evi\u0107 je ispred produkcijske ku\u0107e \u201eSerbika Media\u201c nagra\u0111en kao autor, scenarista i izvr\u0161ni producent televizijskog serijala koji bele\u017ei veliku gledanost na javnom servisu, a u obrazlo\u017eenju stru\u010dnog \u017eirija koji su \u010dinili, prof. dr Zoran Jevtovi\u0107, Rade Milosavljevi\u0107, novinar i knji\u017eevnik, i Aleksandar Avramovi\u0107, novinar, pored ostalog se navodi, da je \u201eMoja dedovina\u201c nacionalna akcija bliska ovom medijskom forumu, topla i inspirativna, ali u isto vreme gorka i zabrinjavaju\u0107a. \u201eSlo\u017een i vrlo zahtevan autorski pristup, uz dokumentarno-feljtonisti\u010dko traganje za korenima, obi\u010dajima i krajolicima ostaju kao medijski trag o jednom narodu i onima koji obnavljaju ognji\u0161ta svojih predaka, ne dozvoljavaju\u0107i da ih prekrije zaborav. Zato se ova serija dokumentarnih reporta\u017ea izdvaja iz mno\u0161tva trgova\u010dko komercijalizovanih formata, kojima je prvi cilj gledanost, a ne zapitanost i bu\u0111enje auditorijuma.\u201c<\/p>\n<p>\u201eMoja dedovina\u201c je televizijski serijal u produkciji Radio televizije Srbija koji je osmislio i proizveo autorski tim produkcijske ku\u0107e \u201eSerbika Media.\u201c Idejni podsticaj za nastanak serijala bila je globalna pandemija korona virusa koja je, pored ostalog, pokazala koliko je va\u017eno imati ku\u0107u na selu, i uop\u0161te, mesto na koje \u010dovek mo\u017ee da se skloni u dana\u0161nje doba. Kamere su okrenute prema autenti\u010dnim li\u010dnostima, doma\u0107inima koji odlu\u010duju da obnove svoju dedovinu.<\/p>\n<p>Moto serijala je da dedovina i ku\u0107e na\u0161ih predaka, nisu, i ne mogu biti na prodaju, jer su oni na\u0161a su\u0161tina i pokreta\u010dka energija \u2013 na\u0161 svetionik koji nam ukazuje pravi put. Taj put je izvan urbanih sredina i velikih gradova koji su postali nezdrava i nesigurna mesta za \u017eivot. Dedovina je uto\u010di\u0161te i sigurna baza u vremenu korone, ali i u ostalim kriznim situacijama, kada svoj puni smisao dobijaju zdravo prirodno okru\u017eenje i dru\u017eenje u krugu porodice, prijatelja i kom\u0161ija.<\/p>\n<p>Nagrade \u0107e biti dodeljene 18. novembra 2022. godine na \u010cetvrtom Medijskom forumu u Topoli, a obuhvataju plaketu i nov\u010dani iznos od 40.000 dinara.<\/p>\n","protected":false},"excerpt":{"rendered":"<p>Univerzitetski profesor i televizijski producent, dr Marko M. \u0110or\u0111evi\u0107, jedan je od ovogodi\u0161njih laureata\u00a0 nagrade \u201eDr Marko Mladenovi\u0107\u201c za televizijski serijal\u00a0 \u201eMoja dedovina.\u201c Ovu nagradu &hellip; <\/p>\n","protected":false},"author":2,"featured_media":33283,"comment_status":"open","ping_status":"open","sticky":false,"template":"","format":"standard","meta":{"footnotes":""},"categories":[14,1524,2,1514,5643,887,12],"tags":[2531,4232,6018],"_links":{"self":[{"href":"https:\/\/centralmedia.rs\/index.php\/wp-json\/wp\/v2\/posts\/33282"}],"collection":[{"href":"https:\/\/centralmedia.rs\/index.php\/wp-json\/wp\/v2\/posts"}],"about":[{"href":"https:\/\/centralmedia.rs\/index.php\/wp-json\/wp\/v2\/types\/post"}],"author":[{"embeddable":true,"href":"https:\/\/centralmedia.rs\/index.php\/wp-json\/wp\/v2\/users\/2"}],"replies":[{"embeddable":true,"href":"https:\/\/centralmedia.rs\/index.php\/wp-json\/wp\/v2\/comments?post=33282"}],"version-history":[{"count":1,"href":"https:\/\/centralmedia.rs\/index.php\/wp-json\/wp\/v2\/posts\/33282\/revisions"}],"predecessor-version":[{"id":33284,"href":"https:\/\/centralmedia.rs\/index.php\/wp-json\/wp\/v2\/posts\/33282\/revisions\/33284"}],"wp:featuredmedia":[{"embeddable":true,"href":"https:\/\/centralmedia.rs\/index.php\/wp-json\/wp\/v2\/media\/33283"}],"wp:attachment":[{"href":"https:\/\/centralmedia.rs\/index.php\/wp-json\/wp\/v2\/media?parent=33282"}],"wp:term":[{"taxonomy":"category","embeddable":true,"href":"https:\/\/centralmedia.rs\/index.php\/wp-json\/wp\/v2\/categories?post=33282"},{"taxonomy":"post_tag","embeddable":true,"href":"https:\/\/centralmedia.rs\/index.php\/wp-json\/wp\/v2\/tags?post=33282"}],"curies":[{"name":"wp","href":"https:\/\/api.w.org\/{rel}","templated":true}]}}