{"id":33291,"date":"2022-11-17T15:20:37","date_gmt":"2022-11-17T14:20:37","guid":{"rendered":"http:\/\/centralmedia.rs\/?p=33291"},"modified":"2022-11-21T13:39:10","modified_gmt":"2022-11-21T12:39:10","slug":"maloletnici-snimali-i-objavljivali-kako-ubijaju-i-zlostavljaju-macke","status":"publish","type":"post","link":"https:\/\/centralmedia.rs\/index.php\/2022\/11\/17\/maloletnici-snimali-i-objavljivali-kako-ubijaju-i-zlostavljaju-macke\/","title":{"rendered":"MALOLETNICI SNIMALI I OBJAVLJIVALI KAKO UBIJAJU I ZLOSTAVLJAJU MA\u010cKE"},"content":{"rendered":"<p>\u0106UPRIJA-Pripadnici Grupe za suzbijanje ekolo\u0161kog kriminala Policijske uprave u Jagodini, u sardnji sa Policijskom stanicom u \u0106upriji, po nalogu nadle\u017enog tu\u017eila\u0161tva, podne\u0107e krivi\u010dnu prijavu protiv dvoje petnaestogodi\u0161njaka iz ovog grada zbog postojanja osnova sumnje da su izvr\u0161ili dva krivi\u010dna dela ubijanje i zlostavljanje \u017eivotinja, saop\u0161teno je iz policije.<\/p>\n<p>Oni se sumnji\u010de da su sa dvanaestogodi\u0161njim de\u010dakom mu\u010dili dve ma\u010dke i to snimali, a potom su snimke objavili na jednoj dru\u0161tvenoj mre\u017ei.<\/p>\n<p>O doga\u0111aju je obave\u0161ten i Centar za socijalni rad u \u0106upriji.<\/p>\n","protected":false},"excerpt":{"rendered":"<p>\u0106UPRIJA-Pripadnici Grupe za suzbijanje ekolo\u0161kog kriminala Policijske uprave u Jagodini, u sardnji sa Policijskom stanicom u \u0106upriji, po nalogu nadle\u017enog tu\u017eila\u0161tva, podne\u0107e krivi\u010dnu prijavu protiv &hellip; <\/p>\n","protected":false},"author":2,"featured_media":16553,"comment_status":"open","ping_status":"open","sticky":false,"template":"","format":"standard","meta":{"footnotes":""},"categories":[1515,1524,20,2,12],"tags":[6021,1694,6022,4908],"_links":{"self":[{"href":"https:\/\/centralmedia.rs\/index.php\/wp-json\/wp\/v2\/posts\/33291"}],"collection":[{"href":"https:\/\/centralmedia.rs\/index.php\/wp-json\/wp\/v2\/posts"}],"about":[{"href":"https:\/\/centralmedia.rs\/index.php\/wp-json\/wp\/v2\/types\/post"}],"author":[{"embeddable":true,"href":"https:\/\/centralmedia.rs\/index.php\/wp-json\/wp\/v2\/users\/2"}],"replies":[{"embeddable":true,"href":"https:\/\/centralmedia.rs\/index.php\/wp-json\/wp\/v2\/comments?post=33291"}],"version-history":[{"count":1,"href":"https:\/\/centralmedia.rs\/index.php\/wp-json\/wp\/v2\/posts\/33291\/revisions"}],"predecessor-version":[{"id":33292,"href":"https:\/\/centralmedia.rs\/index.php\/wp-json\/wp\/v2\/posts\/33291\/revisions\/33292"}],"wp:featuredmedia":[{"embeddable":true,"href":"https:\/\/centralmedia.rs\/index.php\/wp-json\/wp\/v2\/media\/16553"}],"wp:attachment":[{"href":"https:\/\/centralmedia.rs\/index.php\/wp-json\/wp\/v2\/media?parent=33291"}],"wp:term":[{"taxonomy":"category","embeddable":true,"href":"https:\/\/centralmedia.rs\/index.php\/wp-json\/wp\/v2\/categories?post=33291"},{"taxonomy":"post_tag","embeddable":true,"href":"https:\/\/centralmedia.rs\/index.php\/wp-json\/wp\/v2\/tags?post=33291"}],"curies":[{"name":"wp","href":"https:\/\/api.w.org\/{rel}","templated":true}]}}