{"id":33323,"date":"2022-06-30T23:39:57","date_gmt":"2022-06-30T21:39:57","guid":{"rendered":"http:\/\/centralmedia.rs\/?p=33323"},"modified":"2022-11-17T23:40:13","modified_gmt":"2022-11-17T22:40:13","slug":"proslava-dana-opstine","status":"publish","type":"post","link":"https:\/\/centralmedia.rs\/index.php\/2022\/06\/30\/proslava-dana-opstine\/","title":{"rendered":"Proslava Dana op\u0161tine"},"content":{"rendered":"<p>Predsednik op\u0161tine \u010cajetina Milan Stamatovi\u0107 je istakao da zaposleni Op\u0161tine \u010cajetina i nadalje moraju da budu servis svih gra\u0111ana.<\/p>\n<div id='gallery-1' class='gallery galleryid-33323 gallery-columns-5 gallery-size-thumbnail'><figure class='gallery-item'>\n\t\t\t<div class='gallery-icon landscape'>\n\t\t\t\t<a href='https:\/\/centralmedia.rs\/index.php\/2022\/06\/30\/proslava-dana-opstine\/dan-opstine-13\/'><img loading=\"lazy\" decoding=\"async\" width=\"150\" height=\"150\" src=\"https:\/\/centralmedia.rs\/wp-content\/uploads\/2022\/11\/dan-opstine-150x150.jpg\" class=\"attachment-thumbnail size-thumbnail\" alt=\"\" \/><\/a>\n\t\t\t<\/div><\/figure><figure class='gallery-item'>\n\t\t\t<div class='gallery-icon landscape'>\n\t\t\t\t<a href='https:\/\/centralmedia.rs\/index.php\/2022\/06\/30\/proslava-dana-opstine\/dan-opstine1-4\/'><img loading=\"lazy\" decoding=\"async\" width=\"150\" height=\"150\" src=\"https:\/\/centralmedia.rs\/wp-content\/uploads\/2022\/11\/dan-opstine1-150x150.jpg\" class=\"attachment-thumbnail size-thumbnail\" alt=\"\" \/><\/a>\n\t\t\t<\/div><\/figure><figure class='gallery-item'>\n\t\t\t<div class='gallery-icon landscape'>\n\t\t\t\t<a href='https:\/\/centralmedia.rs\/index.php\/2022\/06\/30\/proslava-dana-opstine\/dan-opstine3-3\/'><img loading=\"lazy\" decoding=\"async\" width=\"150\" height=\"150\" src=\"https:\/\/centralmedia.rs\/wp-content\/uploads\/2022\/11\/dan-opstine3-150x150.jpg\" class=\"attachment-thumbnail size-thumbnail\" alt=\"\" \/><\/a>\n\t\t\t<\/div><\/figure><figure class='gallery-item'>\n\t\t\t<div class='gallery-icon landscape'>\n\t\t\t\t<a href='https:\/\/centralmedia.rs\/index.php\/2022\/06\/30\/proslava-dana-opstine\/dan-opstine4-2\/'><img loading=\"lazy\" decoding=\"async\" width=\"150\" height=\"150\" src=\"https:\/\/centralmedia.rs\/wp-content\/uploads\/2022\/11\/dan-opstine4-150x150.jpg\" class=\"attachment-thumbnail size-thumbnail\" alt=\"\" \/><\/a>\n\t\t\t<\/div><\/figure><figure class='gallery-item'>\n\t\t\t<div class='gallery-icon landscape'>\n\t\t\t\t<a href='https:\/\/centralmedia.rs\/index.php\/2022\/06\/30\/proslava-dana-opstine\/priznanja-2\/'><img loading=\"lazy\" decoding=\"async\" width=\"150\" height=\"150\" src=\"https:\/\/centralmedia.rs\/wp-content\/uploads\/2022\/11\/priznanja-150x150.jpg\" class=\"attachment-thumbnail size-thumbnail\" alt=\"\" \/><\/a>\n\t\t\t<\/div><\/figure>\n\t\t<\/div>\n\n<p>Uprethodnih godinu dana realizovali smo veliki broj kapitalnih projekata, a zapo\u010deli smo i nove \u2013 rekao je predsednik Skup\u0161tine op\u0161tine \u010cajetina Arsen \u0110uri\u0107 pozdravljaju\u0107i prisutne na sve\u010danoj sednici. \u2013 Ve\u0107ideo izdvajanja iz bud\u017eeta iskoristili smo za izgradnju i sanaciju puteva i ulica na teritoriji op\u0161tine, preko 500 miliona dinara, zatim za izgradnju sistema za vodosnabdevanje Su\u0161i\u010dka vrela i za rekonstrukcija magistralnog cevovoda oko 350 miliona, a za na\u0161e poljoprivrednike smo izdvojili preko 160 miliona dinara. Zavr\u0161eni su radovi na izgradnji igrali\u0161ta, pe\u0161a\u010dkih, biciklisti\u010dkih i trim staze na Zlatiboru, a dobrom strategijom razvoja op\u0161tine uspeli smo da privu\u010demo mnogobrojne investitore, prvenstveno u oblasti sme\u0161tajnih i zabavnih kapaciteta. Sveta du\u017enost Predsednik op\u0161tine \u010cajetina Milan Stamatovi\u0107 je istakao da zaposleni Op\u0161tine \u010cajetina i nadalje moraju da budu servis svih gra\u0111ana u pravom smislu te re\u010di, koji je izjavio: \u2013 Uveren sam da \u0107e se rezultati na\u0161eg rada najbolje sagledati na predstoje\u0107em popisu stanovni\u0161tva kada \u0107e se videti koliko je gra\u0111ana odlu\u010dilo da se nastani na teritoriji op\u0161tine \u010cajetina i koliki je broj novoro\u0111ene dece, \u0161to nas posebno raduje. Vide\u0107e se i koliko smo bili odgovorni prema svojim gra\u0111anima, prema svojoj op\u0161tini i dr\u017eavi Srbiji. \u2013 Jedan od najzna\u010dajnijih projekata koji nas o\u010dekuje jeste takozvani \u201eZlatni grad\u201c na potezu pored Ribni\u010dkog jezera i trase zlatiborske gondole \u2013 nastavio je Stamatovi\u0107, \u2013 i da centar Zlatibora \u0161irimo i ka periferiji. Drugi va\u017ean projekat koji nas o\u010dekuje jeste izgradnja autodroma na lokaciji Oka ka Mokroj Gori, a po\u010dinjemo i sa izgradnjom 20 sportskih terena, \u0161to otvorenih, \u0161to zatvorenih, od hotela \u201eTornik\u201c ka Ribni\u010dkom jezeru, koje \u0107emo upotpuniti pe\u0161a\u010dkim i biciklisti\u010dkim stazama u okru\u017eenju tri nova ve\u0161ta\u010dka jezera.\u00a0 \u2013 Strategijom razvoja op\u0161tine ravnomerno smo razvijali i sva na\u0161a sela, izgradnjom puteva, dovo\u0111enjem pija\u0107e vode, izgradnjom seoskih vrti\u0107a, tako da ne \u010dudi dolazak velikog broja mladih u na\u0161e seoske sredine. Ovom prilikom bi ih pozvao da se poslovno udru\u017euju, a lokalna samouprava \u0107e im i kroz lokalni Agroindustrijski biznis centar pomo\u0107i u proizvodnji i plasmanu tih autohtonih proizvoda \u2013 zaklju\u010dio je Stamatovi\u0107. Plakete i priznanja Plaketama, priznanjima i nov\u010danim nagradama Skup\u0161tina op\u0161tine \u010cajetina nagradila je najzaslu\u017enije pojedince i kolektive za postignute izuzetne rezultate u proteklom periodu. Najvi\u0161e priznanje, ,,Zlatiborsku povelju\u201c u ime JP \u201eGold gondola Zlatibor\u201c primila je direktorka Bojana Bo\u017eani\u0107. Ona se tom prilikom posebno zahvalila svojim kolegama, bez kojih, kako je istakla, Gondola ne bi bila ono \u0161to jeste i ne bi dobila ovo priznanje. \u2013 Zahvalnost upu\u0107ujem i Op\u0161tini \u010cajetina, kao i na\u0161im javnim preduze\u0107ima i ustanovama iz oblasti turizma, \u010dlanovima Op\u0161tinskog ve\u0107a i odbornicima Skup\u0161tine op\u0161tine \u010cajetina koji su, u velikoj konkurenciji, prepoznali i nagradili rad svih u \u201eGold gondoli\u201c, \u0161to je za nas posebno zna\u010dajno jer smo nagradu dobili od na\u0161ih kom\u0161ija, prijatelja i poslovnih partnera \u2013 izjavila je Bojana Bo\u017eani\u0107.\u00a0 Plaketom \u201eDimitrije Tucovi\u0107\u2019\u2019 posthumno je nagra\u0111en dr Radenko Lazarevi\u0107, javnosti poznat po istra\u017eivanju brojnih pe\u0107ina u Srbiji, \u010dijim radom je nastao Projekat ure\u0111enja Stopi\u0107a pe\u0107ine. Ovo priznanje je dobio i Dejan Cerovi\u0107 iz Krive Reke, koji je na svom porodi\u010dnom imanju nastavio\u00a0 tradiciju bavljenja poljoprivredom i sto\u010darstvom. Tako\u0111e i kompanija \u201cThe Forest\u201d iz Po\u017earevca koja je svojim kvalitetnim radom stekla poverenje mnogih korisnika na Zlatiboru. Plaketom su nagra\u0111eni i Odbojka\u0161ki klub \u201eZlatibor\u201c, kao i Ko\u0161arka\u0161ki klub \u201eZlatibor\u201c.\u00a0 Dopisnik lista\u201eBlic\u201c iz U\u017eica Vladimir Lojanica dobitnik je zahvalnice \u201eZoran Tmu\u0161i\u0107\u201c, nazvane po novinaru i humanista koji je mnogima za \u017eivota neumorno pomagao.\u00a0 Predsednik op\u0161tine dodelio je zahvalnice i stanovnicima op\u0161tine Radosavu Dabi\u0107u iz \u010cajetine i Draganu Nin\u010di\u0107u iz Krive Reke.\u00a0 Svim svr\u0161enim u\u010denicima osnovnih i srednje \u0161kole na podru\u010dju op\u0161tine \u010cajetina, kao i svr\u0161enim u\u010denicima srednjih \u0161kola na teritoriji Republike koji imaju prebivali\u0161te na teritoriji op\u0161tine, i dobitnicima diplome \u201eVuk Karad\u017ei\u0107\u201c, dodeljene su pohvalnice, tako\u0111e.\u00a0 Nakon sve\u010danog dela sednice i dodele priznanja, u rad je pu\u0161tena\u00a0 multimedijalna fontana na jezeru u centru Zlatibora, a zatim su Bilja Krsti\u0107 i \u201eBistrik orkestar\u201c koncertom posetiocima pru\u017eili izuzetan do\u017eivljaj na Kraljevom trgu.<\/p>\n","protected":false},"excerpt":{"rendered":"<p>Predsednik op\u0161tine \u010cajetina Milan Stamatovi\u0107 je istakao da zaposleni Op\u0161tine \u010cajetina i nadalje moraju da budu servis svih gra\u0111ana. Uprethodnih godinu dana realizovali smo veliki &hellip; <\/p>\n","protected":false},"author":2,"featured_media":33324,"comment_status":"open","ping_status":"open","sticky":false,"template":"","format":"standard","meta":{"footnotes":""},"categories":[5787,2875,1524,2,13,887,12],"tags":[2762,2041],"_links":{"self":[{"href":"https:\/\/centralmedia.rs\/index.php\/wp-json\/wp\/v2\/posts\/33323"}],"collection":[{"href":"https:\/\/centralmedia.rs\/index.php\/wp-json\/wp\/v2\/posts"}],"about":[{"href":"https:\/\/centralmedia.rs\/index.php\/wp-json\/wp\/v2\/types\/post"}],"author":[{"embeddable":true,"href":"https:\/\/centralmedia.rs\/index.php\/wp-json\/wp\/v2\/users\/2"}],"replies":[{"embeddable":true,"href":"https:\/\/centralmedia.rs\/index.php\/wp-json\/wp\/v2\/comments?post=33323"}],"version-history":[{"count":1,"href":"https:\/\/centralmedia.rs\/index.php\/wp-json\/wp\/v2\/posts\/33323\/revisions"}],"predecessor-version":[{"id":33330,"href":"https:\/\/centralmedia.rs\/index.php\/wp-json\/wp\/v2\/posts\/33323\/revisions\/33330"}],"wp:featuredmedia":[{"embeddable":true,"href":"https:\/\/centralmedia.rs\/index.php\/wp-json\/wp\/v2\/media\/33324"}],"wp:attachment":[{"href":"https:\/\/centralmedia.rs\/index.php\/wp-json\/wp\/v2\/media?parent=33323"}],"wp:term":[{"taxonomy":"category","embeddable":true,"href":"https:\/\/centralmedia.rs\/index.php\/wp-json\/wp\/v2\/categories?post=33323"},{"taxonomy":"post_tag","embeddable":true,"href":"https:\/\/centralmedia.rs\/index.php\/wp-json\/wp\/v2\/tags?post=33323"}],"curies":[{"name":"wp","href":"https:\/\/api.w.org\/{rel}","templated":true}]}}