{"id":33334,"date":"2022-06-29T23:45:19","date_gmt":"2022-06-29T21:45:19","guid":{"rendered":"http:\/\/centralmedia.rs\/?p=33334"},"modified":"2022-11-17T23:45:33","modified_gmt":"2022-11-17T22:45:33","slug":"fontana-na-dar-gradanima-opstine-cajetina","status":"publish","type":"post","link":"https:\/\/centralmedia.rs\/index.php\/2022\/06\/29\/fontana-na-dar-gradanima-opstine-cajetina\/","title":{"rendered":"Fontana na dar gra\u0111anima op\u0161tine \u010cajetina"},"content":{"rendered":"<p>&#8211;\u00a0 Porodica Peri\u0161i\u0107 sa Zlatibora darivala je gra\u0111anima op\u0161tine \u010cajetina i svim posetiocima Zlatibora najmoderniju fontanu tog tipa povodom sutra\u0161njeg Dana op\u0161tine i ubudu\u0107e \u0107e svi koji budu prolazili kru\u017enim tokom kod naselja Kalman na Zlatiboru imati priliku da u\u017eivaju u ovom delu.<\/p>\n<div id='gallery-1' class='gallery galleryid-33334 gallery-columns-3 gallery-size-thumbnail'><figure class='gallery-item'>\n\t\t\t<div class='gallery-icon portrait'>\n\t\t\t\t<a href='https:\/\/centralmedia.rs\/index.php\/2022\/06\/29\/fontana-na-dar-gradanima-opstine-cajetina\/fontana1-3\/'><img loading=\"lazy\" decoding=\"async\" width=\"150\" height=\"150\" src=\"https:\/\/centralmedia.rs\/wp-content\/uploads\/2022\/11\/Fontana1-150x150.jpg\" class=\"attachment-thumbnail size-thumbnail\" alt=\"\" srcset=\"https:\/\/centralmedia.rs\/wp-content\/uploads\/2022\/11\/Fontana1-150x150.jpg 150w, https:\/\/centralmedia.rs\/wp-content\/uploads\/2022\/11\/Fontana1-400x400.jpg 400w\" sizes=\"(max-width: 150px) 100vw, 150px\" \/><\/a>\n\t\t\t<\/div><\/figure><figure class='gallery-item'>\n\t\t\t<div class='gallery-icon portrait'>\n\t\t\t\t<a href='https:\/\/centralmedia.rs\/index.php\/2022\/06\/29\/fontana-na-dar-gradanima-opstine-cajetina\/fontana2-2\/'><img loading=\"lazy\" decoding=\"async\" width=\"150\" height=\"150\" src=\"https:\/\/centralmedia.rs\/wp-content\/uploads\/2022\/11\/Fontana2-150x150.jpg\" class=\"attachment-thumbnail size-thumbnail\" alt=\"\" srcset=\"https:\/\/centralmedia.rs\/wp-content\/uploads\/2022\/11\/Fontana2-150x150.jpg 150w, https:\/\/centralmedia.rs\/wp-content\/uploads\/2022\/11\/Fontana2-400x400.jpg 400w\" sizes=\"(max-width: 150px) 100vw, 150px\" \/><\/a>\n\t\t\t<\/div><\/figure><figure class='gallery-item'>\n\t\t\t<div class='gallery-icon portrait'>\n\t\t\t\t<a href='https:\/\/centralmedia.rs\/index.php\/2022\/06\/29\/fontana-na-dar-gradanima-opstine-cajetina\/fontana3-2\/'><img loading=\"lazy\" decoding=\"async\" width=\"150\" height=\"150\" src=\"https:\/\/centralmedia.rs\/wp-content\/uploads\/2022\/11\/Fontana3-150x150.jpg\" class=\"attachment-thumbnail size-thumbnail\" alt=\"\" srcset=\"https:\/\/centralmedia.rs\/wp-content\/uploads\/2022\/11\/Fontana3-150x150.jpg 150w, https:\/\/centralmedia.rs\/wp-content\/uploads\/2022\/11\/Fontana3-400x400.jpg 400w\" sizes=\"(max-width: 150px) 100vw, 150px\" \/><\/a>\n\t\t\t<\/div><\/figure>\n\t\t<\/div>\n\n<p>\u201eKoristim priliku da se zahvalim Sr\u0111anu Peri\u0161i\u0107u i njegovoj porodici na ovoj donaciji svom mestu, jer smo svedoci da je nekada\u0161nje zadu\u017ebinarstvo danas u Srbiji skoro potpuno zamrlo\u201c istakao je predsednik op\u0161tine \u010cajetina Milan Stamatovi\u0107. \u201eOvo je retka prilika u kojoj investitor ostavlja donaciju i zadu\u017ebinu i nadam se da \u0107e i ostali investitori krenuti njegovim primerom da ure\u0111uju ovo mesto. Mi iz Op\u0161tine smo zahvalni porodici Peri\u0161i\u0107 a ujedno bih se zahvalio i Milanu Kuli\u0107u i njegovom timu i za ovu i za fontanu na jezeru, \u010doveku koji ima viziju za ovo mesto, i koji se na ovim visinama bori i, da tako ka\u017eem, igra sa vodom\u201c.<\/p>\n<p>Donator fontane Sr\u0111an Peri\u0161i\u0107 je na otvaranju rekao da su on i njegova porodica \u201esa zadovoljstvom ulo\u017eili svaki dinar u ovu fontanu i da je ugra\u0111ena oprema najvi\u0161eg kvaliteta. Zahvalio bih se predsedniku Stamatovi\u0107u, vizionaru na\u0161eg kraja, \u0161to je prihvatio ideju da se ova donacija realizuje. Dobili smo priliku da gradimo na na\u0161oj planini, te je red da ne\u0161to i vratimo svojim sugra\u0111anima\u201c zaklju\u010dio je Peri\u0161i\u0107.<\/p>\n<p>&nbsp;<\/p>\n","protected":false},"excerpt":{"rendered":"<p>&#8211;\u00a0 Porodica Peri\u0161i\u0107 sa Zlatibora darivala je gra\u0111anima op\u0161tine \u010cajetina i svim posetiocima Zlatibora najmoderniju fontanu tog tipa povodom sutra\u0161njeg Dana op\u0161tine i ubudu\u0107e \u0107e &hellip; <\/p>\n","protected":false},"author":2,"featured_media":33335,"comment_status":"open","ping_status":"open","sticky":false,"template":"","format":"standard","meta":{"footnotes":""},"categories":[2875,5787,1524,2,887,16,12],"tags":[2762,2216],"_links":{"self":[{"href":"https:\/\/centralmedia.rs\/index.php\/wp-json\/wp\/v2\/posts\/33334"}],"collection":[{"href":"https:\/\/centralmedia.rs\/index.php\/wp-json\/wp\/v2\/posts"}],"about":[{"href":"https:\/\/centralmedia.rs\/index.php\/wp-json\/wp\/v2\/types\/post"}],"author":[{"embeddable":true,"href":"https:\/\/centralmedia.rs\/index.php\/wp-json\/wp\/v2\/users\/2"}],"replies":[{"embeddable":true,"href":"https:\/\/centralmedia.rs\/index.php\/wp-json\/wp\/v2\/comments?post=33334"}],"version-history":[{"count":1,"href":"https:\/\/centralmedia.rs\/index.php\/wp-json\/wp\/v2\/posts\/33334\/revisions"}],"predecessor-version":[{"id":33339,"href":"https:\/\/centralmedia.rs\/index.php\/wp-json\/wp\/v2\/posts\/33334\/revisions\/33339"}],"wp:featuredmedia":[{"embeddable":true,"href":"https:\/\/centralmedia.rs\/index.php\/wp-json\/wp\/v2\/media\/33335"}],"wp:attachment":[{"href":"https:\/\/centralmedia.rs\/index.php\/wp-json\/wp\/v2\/media?parent=33334"}],"wp:term":[{"taxonomy":"category","embeddable":true,"href":"https:\/\/centralmedia.rs\/index.php\/wp-json\/wp\/v2\/categories?post=33334"},{"taxonomy":"post_tag","embeddable":true,"href":"https:\/\/centralmedia.rs\/index.php\/wp-json\/wp\/v2\/tags?post=33334"}],"curies":[{"name":"wp","href":"https:\/\/api.w.org\/{rel}","templated":true}]}}