{"id":3334,"date":"2016-06-09T12:57:22","date_gmt":"2016-06-09T12:57:22","guid":{"rendered":"http:\/\/centralmedia.rs\/?p=3334"},"modified":"2016-06-09T12:57:22","modified_gmt":"2016-06-09T12:57:22","slug":"spasovdanski-vasar-u-jagodini-dupliran-broj-prodavaca","status":"publish","type":"post","link":"https:\/\/centralmedia.rs\/index.php\/2016\/06\/09\/spasovdanski-vasar-u-jagodini-dupliran-broj-prodavaca\/","title":{"rendered":"SPASOVDANSKI VA\u0160AR U JAGODINI &#8211; DUPLIRAN BROJ PRODAVACA"},"content":{"rendered":"<p>JAGODINA-Spasovdanski va\u0161ar u Jagodini obele\u017eio je povratak prodavaca na tezgama i bilo ih je duplo vi\u0161e nego lane, kada su trgovci bojkotovali va\u0161atr zbog visokih cena. Ovog puta cene zakupa su sni\u017eene za 50 odsto sa 10.000 na 5.000 dinarana za dva kvadrata prostora. <a href=\"https:\/\/centralmedia.rs\/wp-content\/uploads\/2016\/06\/vasar-jagodina-g.j.-2.jpg\"><img loading=\"lazy\" decoding=\"async\" src=\"https:\/\/centralmedia.rs\/wp-content\/uploads\/2016\/06\/vasar-jagodina-g.j.-2-300x225.jpg\" alt=\"vasar-jagodina-g.j. (2)\" width=\"300\" height=\"225\" class=\"alignnone size-medium wp-image-3336\" srcset=\"https:\/\/centralmedia.rs\/wp-content\/uploads\/2016\/06\/vasar-jagodina-g.j.-2-300x225.jpg 300w, https:\/\/centralmedia.rs\/wp-content\/uploads\/2016\/06\/vasar-jagodina-g.j.-2-768x576.jpg 768w, https:\/\/centralmedia.rs\/wp-content\/uploads\/2016\/06\/vasar-jagodina-g.j.-2-80x60.jpg 80w, https:\/\/centralmedia.rs\/wp-content\/uploads\/2016\/06\/vasar-jagodina-g.j.-2-265x198.jpg 265w, https:\/\/centralmedia.rs\/wp-content\/uploads\/2016\/06\/vasar-jagodina-g.j.-2.jpg 900w\" sizes=\"(max-width: 300px) 100vw, 300px\" \/><\/a>Tako da je va\u0161ar ponovo dobio nekada\u0161nju dimenziju i prepoznatljvost po raznovrsnosti ponu\u0111enih roba.<a href=\"https:\/\/centralmedia.rs\/wp-content\/uploads\/2016\/06\/vasar-jagodina-g.j..jpg\"><img loading=\"lazy\" decoding=\"async\" src=\"https:\/\/centralmedia.rs\/wp-content\/uploads\/2016\/06\/vasar-jagodina-g.j.-300x225.jpg\" alt=\"vasar-jagodina-g.j.\" width=\"300\" height=\"225\" class=\"alignnone size-medium wp-image-3337\" srcset=\"https:\/\/centralmedia.rs\/wp-content\/uploads\/2016\/06\/vasar-jagodina-g.j.-300x225.jpg 300w, https:\/\/centralmedia.rs\/wp-content\/uploads\/2016\/06\/vasar-jagodina-g.j.-768x576.jpg 768w, https:\/\/centralmedia.rs\/wp-content\/uploads\/2016\/06\/vasar-jagodina-g.j.-80x60.jpg 80w, https:\/\/centralmedia.rs\/wp-content\/uploads\/2016\/06\/vasar-jagodina-g.j.-265x198.jpg 265w, https:\/\/centralmedia.rs\/wp-content\/uploads\/2016\/06\/vasar-jagodina-g.j..jpg 900w\" sizes=\"(max-width: 300px) 100vw, 300px\" \/><\/a><br \/>\n-Frule su od 10 do 100 evra. Koliko para toliko muzike, va\u017ei i u slu\u010daju frula, jer cena govori sve. Frule sviram i prodajem , a proizvodi ih Mi\u0107a Pavlovi\u0107 iz Velike Drenove, ka\u017ee frula\u0161 Miroljub Mira.<a href=\"https:\/\/centralmedia.rs\/wp-content\/uploads\/2016\/06\/vasar-jagodina-g.j.-1.jpg\"><img loading=\"lazy\" decoding=\"async\" src=\"https:\/\/centralmedia.rs\/wp-content\/uploads\/2016\/06\/vasar-jagodina-g.j.-1-300x225.jpg\" alt=\"vasar-jagodina-g.j. (1)\" width=\"300\" height=\"225\" class=\"alignnone size-medium wp-image-3338\" srcset=\"https:\/\/centralmedia.rs\/wp-content\/uploads\/2016\/06\/vasar-jagodina-g.j.-1-300x225.jpg 300w, https:\/\/centralmedia.rs\/wp-content\/uploads\/2016\/06\/vasar-jagodina-g.j.-1-768x576.jpg 768w, https:\/\/centralmedia.rs\/wp-content\/uploads\/2016\/06\/vasar-jagodina-g.j.-1-80x60.jpg 80w, https:\/\/centralmedia.rs\/wp-content\/uploads\/2016\/06\/vasar-jagodina-g.j.-1-265x198.jpg 265w, https:\/\/centralmedia.rs\/wp-content\/uploads\/2016\/06\/vasar-jagodina-g.j.-1.jpg 900w\" sizes=\"(max-width: 300px) 100vw, 300px\" \/><\/a><br \/>\nI pored smanjena cena zakupa, trgovci su bili nezadovoljni jer je cena zakupa istog prostora u na va\u0161aru u Kru\u0161evcu 2.060 dinara.<\/p>\n","protected":false},"excerpt":{"rendered":"<p>JAGODINA-Spasovdanski va\u0161ar u Jagodini obele\u017eio je povratak prodavaca na tezgama i bilo ih je duplo vi\u0161e nego lane, kada su trgovci bojkotovali va\u0161atr zbog visokih &hellip; <\/p>\n","protected":false},"author":4,"featured_media":3335,"comment_status":"open","ping_status":"open","sticky":false,"template":"","format":"standard","meta":{"footnotes":""},"categories":[2,16,12],"tags":[58,861,860],"_links":{"self":[{"href":"https:\/\/centralmedia.rs\/index.php\/wp-json\/wp\/v2\/posts\/3334"}],"collection":[{"href":"https:\/\/centralmedia.rs\/index.php\/wp-json\/wp\/v2\/posts"}],"about":[{"href":"https:\/\/centralmedia.rs\/index.php\/wp-json\/wp\/v2\/types\/post"}],"author":[{"embeddable":true,"href":"https:\/\/centralmedia.rs\/index.php\/wp-json\/wp\/v2\/users\/4"}],"replies":[{"embeddable":true,"href":"https:\/\/centralmedia.rs\/index.php\/wp-json\/wp\/v2\/comments?post=3334"}],"version-history":[{"count":0,"href":"https:\/\/centralmedia.rs\/index.php\/wp-json\/wp\/v2\/posts\/3334\/revisions"}],"wp:featuredmedia":[{"embeddable":true,"href":"https:\/\/centralmedia.rs\/index.php\/wp-json\/wp\/v2\/media\/3335"}],"wp:attachment":[{"href":"https:\/\/centralmedia.rs\/index.php\/wp-json\/wp\/v2\/media?parent=3334"}],"wp:term":[{"taxonomy":"category","embeddable":true,"href":"https:\/\/centralmedia.rs\/index.php\/wp-json\/wp\/v2\/categories?post=3334"},{"taxonomy":"post_tag","embeddable":true,"href":"https:\/\/centralmedia.rs\/index.php\/wp-json\/wp\/v2\/tags?post=3334"}],"curies":[{"name":"wp","href":"https:\/\/api.w.org\/{rel}","templated":true}]}}