{"id":33340,"date":"2022-06-26T23:47:55","date_gmt":"2022-06-26T21:47:55","guid":{"rendered":"http:\/\/centralmedia.rs\/?p=33340"},"modified":"2022-11-17T23:48:10","modified_gmt":"2022-11-17T22:48:10","slug":"slava-hrama-svetog-arhangela-gavrila","status":"publish","type":"post","link":"https:\/\/centralmedia.rs\/index.php\/2022\/06\/26\/slava-hrama-svetog-arhangela-gavrila\/","title":{"rendered":"SLAVA HRAMA SVETOG ARHANGELA GAVRILA"},"content":{"rendered":"<p>Na \u010dast hri\u0161\u0107anskom jedinstvu Pravoslavna crkva i vernici obele\u017eili su u utorak, 26. jula, praznik Sabor Svetog Arhangela Gavrila. Jer taj praznik je i slava \u010dajetinske crkve. Nakon bo\u017eanske Liturgije usledila je litija oko hrama, a zatim lomljenje kola\u010da sa doma\u0107inima slave<\/p>\n<p>Povodom obele\u017eavanja slave \u010dajetinskog hrama, u porti se okupio veliki broj vernika i sve\u0161tenstva. \u2013 Po ustaljenom bogoslu\u017ebenom poretku na\u0161eg hrama a i obi\u010dajima, uo\u010di slave u 17 \u010dasova slu\u017eeno je prazni\u010dno ve\u010dernje bogoslu\u017eenje i time smo zapo\u010deli proslavu na\u0161eg za\u0161titnika i Hrama i varo\u0161i. Stare\u0161ina Hrama Svetog Preobra\u017eenja Gospodnjeg na Zlatiboru Dejan Vojisavljevi\u0107 slu\u017eio je ve\u010dernju slu\u017ebu. Na dan slave slu\u017eena je Sveta liturgija kojoj je na\u010dastvovao stare\u0161ina Saborne crkve u Beogradu protojerej stavrofor Petar Luki\u0107, uz saslu\u017eenje sve\u0161tenika iz na\u0161e eparhije me\u0111u kojima su bili arhijerejski namesnik u\u017ei\u010dki Milo\u0161 Bosi\u0107, stare\u0161ina crkve iz Bajine Ba\u0161te Vladimir Vasiljevi\u0107, David Selakovi\u0107 i Dejan Vojisavljevi\u0107 sa Zlatibora i penzionisani paroh iz Osla otac Vlajo, stare\u0161ina crkve Pokrova Presvete Bogorodice iz Srebrenice otac Aleksandar Mla\u0111enovi\u0107, a uz saslu\u017eenje u\u017ei\u010dkog \u0111akona Milana Bosi\u0107a, proto\u0111akona Radomira Pe\u010devi\u0107a i oca Uro\u0161a, igumana manastira Uvac \u2013 rekao je Petar Lazi\u0107, stare\u0161ina Hrama u \u010cajetini. Prisutnima se obratio arhijerejski namesnik u\u017ei\u010dki Milo\u0161 Bosi\u0107 svojom besedom napomenuv\u0161i kako na sam zna\u010daj Svetog Arhangela Gavrila i ovoga dana i praznika tako i na neke goru\u0107e teme i problematiku koje dovode u pitanje i na\u0161 biolo\u0161ki opstanak. \u2013 \u010casni oci, bra\u0107o i sestre pre svega \u017eelim da vam \u010destitam dana\u0161nji praznik Sabor SvetogArhangela Gavrila, kao i krsnu slavu hri\u0161\u0107anske zajednice pri ovom svetom hramu u \u010cajetini. \u010cestitam slavu stare\u0161ini hrama ocu Petru i njegovom sabratu Milanu koji slu\u017ee ovom hramu i mole se Bogu i prinose \u017ertvu i za vas, i za sve nas. \u010cestitam krsnu slavu dana\u0161njim doma\u0107inima i onim koji \u0107e slaviti slede\u0107e godine,\u00a0 i \u010destitam krsnu slavu svima vama koji pripadate ovoj parohiji jer ovo je va\u0161a slava\u00a0 isto kao \u0161to slavite i svoju porodi\u010dnu slavu. Kao \u0161to sa posebnom rado\u0161\u0107u i ljubavlju i\u0161\u010dekujete svoju krsnu slavu \u2013 Svetog \u0110or\u0111a, Svetog Nikolu, Svetog Tomu, Svetog Jovana okupljeni sa svojom porodicom, isto tako svi, barem iz svake ku\u0107e po jedan trebalo bi da do\u0111e i zajedno, molitveno, jednim srcem i du\u0161om proslave danas Oca nebeskog i za\u0161titnika ovih parohija Svetog Arhangela Gavrila \u2013\u00a0 rekao je namesnik Milo\u0161 Bosi\u0107. Doma\u0107ini ovogodi\u0161nje slave bili su Milan Selakovi\u0107 i Sre\u0107ko Smiljani\u0107, a kumstvo za narednu godinu je prihvatio Drago\u0161 Pavlovi\u0107. Prema re\u010dima Petra Lazi\u0107a i na njegovu veliku radost, ove godine je slavi prisustvovao najve\u0107i broj vernika od samog po\u010detka njegovog\u00a0 slu\u017ebovanja\u00a0 u \u010dajetinskoj parohiji.<\/p>\n","protected":false},"excerpt":{"rendered":"<p>Na \u010dast hri\u0161\u0107anskom jedinstvu Pravoslavna crkva i vernici obele\u017eili su u utorak, 26. jula, praznik Sabor Svetog Arhangela Gavrila. Jer taj praznik je i slava &hellip; <\/p>\n","protected":false},"author":2,"featured_media":33341,"comment_status":"open","ping_status":"open","sticky":false,"template":"","format":"standard","meta":{"footnotes":""},"categories":[5787,2875,1524,2,887,16,12],"tags":[2762,867,6029],"_links":{"self":[{"href":"https:\/\/centralmedia.rs\/index.php\/wp-json\/wp\/v2\/posts\/33340"}],"collection":[{"href":"https:\/\/centralmedia.rs\/index.php\/wp-json\/wp\/v2\/posts"}],"about":[{"href":"https:\/\/centralmedia.rs\/index.php\/wp-json\/wp\/v2\/types\/post"}],"author":[{"embeddable":true,"href":"https:\/\/centralmedia.rs\/index.php\/wp-json\/wp\/v2\/users\/2"}],"replies":[{"embeddable":true,"href":"https:\/\/centralmedia.rs\/index.php\/wp-json\/wp\/v2\/comments?post=33340"}],"version-history":[{"count":1,"href":"https:\/\/centralmedia.rs\/index.php\/wp-json\/wp\/v2\/posts\/33340\/revisions"}],"predecessor-version":[{"id":33342,"href":"https:\/\/centralmedia.rs\/index.php\/wp-json\/wp\/v2\/posts\/33340\/revisions\/33342"}],"wp:featuredmedia":[{"embeddable":true,"href":"https:\/\/centralmedia.rs\/index.php\/wp-json\/wp\/v2\/media\/33341"}],"wp:attachment":[{"href":"https:\/\/centralmedia.rs\/index.php\/wp-json\/wp\/v2\/media?parent=33340"}],"wp:term":[{"taxonomy":"category","embeddable":true,"href":"https:\/\/centralmedia.rs\/index.php\/wp-json\/wp\/v2\/categories?post=33340"},{"taxonomy":"post_tag","embeddable":true,"href":"https:\/\/centralmedia.rs\/index.php\/wp-json\/wp\/v2\/tags?post=33340"}],"curies":[{"name":"wp","href":"https:\/\/api.w.org\/{rel}","templated":true}]}}