{"id":33343,"date":"2022-06-11T23:50:13","date_gmt":"2022-06-11T21:50:13","guid":{"rendered":"http:\/\/centralmedia.rs\/?p=33343"},"modified":"2022-11-17T23:50:30","modified_gmt":"2022-11-17T22:50:30","slug":"kud-zlatibor-na-zlatnoj-planini","status":"publish","type":"post","link":"https:\/\/centralmedia.rs\/index.php\/2022\/06\/11\/kud-zlatibor-na-zlatnoj-planini\/","title":{"rendered":"KUD \u201eZLATIBOR\u201c NA ZLATNOJ PLANINI"},"content":{"rendered":"<p>Me\u0111u svojima U organizaciji op\u0161tine \u010cajetina i Turisti\u010dke organizacije Zlatibor, drugu godinu zaredom na Kraljevom trgu je odr\u017ean koncert \u201eUdru\u017eenja za negovanje narodne tradicije Zlatibor\u201c.<\/p>\n<p><img loading=\"lazy\" decoding=\"async\" class=\"alignnone wp-image-33345 size-full\" src=\"http:\/\/centralmedia.rs\/wp-content\/uploads\/2022\/11\/tradicija.jpg\" alt=\"\" width=\"960\" height=\"720\" srcset=\"https:\/\/centralmedia.rs\/wp-content\/uploads\/2022\/11\/tradicija.jpg 960w, https:\/\/centralmedia.rs\/wp-content\/uploads\/2022\/11\/tradicija-300x225.jpg 300w, https:\/\/centralmedia.rs\/wp-content\/uploads\/2022\/11\/tradicija-768x576.jpg 768w, https:\/\/centralmedia.rs\/wp-content\/uploads\/2022\/11\/tradicija-560x420.jpg 560w, https:\/\/centralmedia.rs\/wp-content\/uploads\/2022\/11\/tradicija-80x60.jpg 80w, https:\/\/centralmedia.rs\/wp-content\/uploads\/2022\/11\/tradicija-100x75.jpg 100w, https:\/\/centralmedia.rs\/wp-content\/uploads\/2022\/11\/tradicija-180x135.jpg 180w, https:\/\/centralmedia.rs\/wp-content\/uploads\/2022\/11\/tradicija-238x178.jpg 238w, https:\/\/centralmedia.rs\/wp-content\/uploads\/2022\/11\/tradicija-640x480.jpg 640w, https:\/\/centralmedia.rs\/wp-content\/uploads\/2022\/11\/tradicija-681x511.jpg 681w\" sizes=\"(max-width: 960px) 100vw, 960px\" \/><\/p>\n<p>Iove godine u okviru Zlatiborskog kulturnog leta na Kraljevom trgu je nastupilo i KUD \u201eUdru\u017eenje za negovanje narodne tradicije Zlatibor\u201d. Program je zapo\u010deo nastupom prvog ansambla koji se predstavio igrama iz zlatiborskog kraja, a zatim i igrom i pesmama iz Prizrena. Luka Vesovi\u0107, predsednik udru\u017eenja, rekao je da bi voleo da dru\u017eenje sa vernom publikom Zlatibora postane tradicija. \u2013 Po\u010deli smo igrama iz na\u0161eg kraja a potom su se nizale i igre iz Ma\u010dve, centralne Srbije, iz Bosilegrada i jugoisto\u010dne Srbije, i Leskovca \u2013 rekao je Luka Vesovi\u0107, predsednik Udru\u017eenja. \u2013 Nastupile si sve selekcije po\u010dev od pionira kojih je sre\u0107om najvi\u0161e. Tu je i srednja grupa, pripremni ansambl i onaj izvo\u0111a\u010dki, a tu su i veterani i rekreativci.\u00a0 Buru odu\u0161evljenja izazvali su najmla\u0111i \u010dlanovi ansambla sa De\u010djim igrama iz Srbije i izvo\u0111a\u010dka grupa \u201eVeterani\u201c kao osniva\u010di i nosioci rada Udru\u017eenja. \u2013 \u0160to se ti\u010de Udru\u017eenja mislim da nam je ovo zaista bilo potrebno jer je u na\u0161oj op\u0161tini postojalo samo jedno kulturno-umetni\u010dko dru\u0161tvo u kojem nas je bilo zaista mnogo, pa nam je ova podela itekako odgovarala \u2013 izjavila je Jovana Lojanica. \u2013 Moj ansambl je otvorio koncert igrama iz zlatiborskog kraja, a zatvori\u0107emo ga igrama Bosilegradskog kraji\u0161ta.\u00a0 \u2013 Igram folklor ve\u0107 osam godina, a bavim se i karateom \u2013 pohvalila se Jovana A\u0107imovi\u0107. \u2013 Folklor volim jer se dru\u017eimo i putujemo, a nadam se da \u0107emo tako i nastaviti. \u2013 U ovom dru\u0161tvu igram dve godine, a pre toga sam igrala u jo\u0161 dva sli\u010dna \u2013 rekla je predstavljaju\u0107i se Vanja Tucovi\u0107. \u2013 Odlu\u010dila sam da se bavim folklorom zbog o\u010duvanja na\u0161e narodne tradicije \u2013 objasnila je motive\u00a0 Jovana Kuzeljevi\u0107. Uz odli\u010dnu zabavu u tradicionalnim narodnim igrama i zvuke pesama publika je u\u017eivala nepuna dva sata. Ina\u010de, Udru\u017eenje okuplja\u00a0 160 \u010dlanova i rekreativaca koje vode koreografi Mira Milinkovi\u0107 i Nikola Sekuli\u0107<\/p>\n","protected":false},"excerpt":{"rendered":"<p>Me\u0111u svojima U organizaciji op\u0161tine \u010cajetina i Turisti\u010dke organizacije Zlatibor, drugu godinu zaredom na Kraljevom trgu je odr\u017ean koncert \u201eUdru\u017eenja za negovanje narodne tradicije Zlatibor\u201c. &hellip; <\/p>\n","protected":false},"author":2,"featured_media":33344,"comment_status":"open","ping_status":"open","sticky":false,"template":"","format":"standard","meta":{"footnotes":""},"categories":[5787,2875,1524,2,23,887,3054],"tags":[6031,6030],"_links":{"self":[{"href":"https:\/\/centralmedia.rs\/index.php\/wp-json\/wp\/v2\/posts\/33343"}],"collection":[{"href":"https:\/\/centralmedia.rs\/index.php\/wp-json\/wp\/v2\/posts"}],"about":[{"href":"https:\/\/centralmedia.rs\/index.php\/wp-json\/wp\/v2\/types\/post"}],"author":[{"embeddable":true,"href":"https:\/\/centralmedia.rs\/index.php\/wp-json\/wp\/v2\/users\/2"}],"replies":[{"embeddable":true,"href":"https:\/\/centralmedia.rs\/index.php\/wp-json\/wp\/v2\/comments?post=33343"}],"version-history":[{"count":1,"href":"https:\/\/centralmedia.rs\/index.php\/wp-json\/wp\/v2\/posts\/33343\/revisions"}],"predecessor-version":[{"id":33346,"href":"https:\/\/centralmedia.rs\/index.php\/wp-json\/wp\/v2\/posts\/33343\/revisions\/33346"}],"wp:featuredmedia":[{"embeddable":true,"href":"https:\/\/centralmedia.rs\/index.php\/wp-json\/wp\/v2\/media\/33344"}],"wp:attachment":[{"href":"https:\/\/centralmedia.rs\/index.php\/wp-json\/wp\/v2\/media?parent=33343"}],"wp:term":[{"taxonomy":"category","embeddable":true,"href":"https:\/\/centralmedia.rs\/index.php\/wp-json\/wp\/v2\/categories?post=33343"},{"taxonomy":"post_tag","embeddable":true,"href":"https:\/\/centralmedia.rs\/index.php\/wp-json\/wp\/v2\/tags?post=33343"}],"curies":[{"name":"wp","href":"https:\/\/api.w.org\/{rel}","templated":true}]}}