{"id":33347,"date":"2022-06-13T23:52:37","date_gmt":"2022-06-13T21:52:37","guid":{"rendered":"http:\/\/centralmedia.rs\/?p=33347"},"modified":"2022-11-17T23:52:51","modified_gmt":"2022-11-17T22:52:51","slug":"svetski-dan-velnesa-obelezen-na-zlatiboru-global-wellness-day","status":"publish","type":"post","link":"https:\/\/centralmedia.rs\/index.php\/2022\/06\/13\/svetski-dan-velnesa-obelezen-na-zlatiboru-global-wellness-day\/","title":{"rendered":"Svetski dan velnesa obele\u017een na Zlatiboru\u2013Global Wellness Day"},"content":{"rendered":"<p>Svetski dan velnesa, jedanaesti po redu, u organizaciji Klastera zdravstvenog velnes i SPA turizma Srbije\u00a0 obele\u017een je na vi\u0161e lokacija na otvorenom u Srbiji, u subotu, 11. juna, zajedno sa jo\u0161 150 zemalja sveta i oko 350 miliona ljudi.<\/p>\n<div id='gallery-1' class='gallery galleryid-33347 gallery-columns-3 gallery-size-thumbnail'><figure class='gallery-item'>\n\t\t\t<div class='gallery-icon landscape'>\n\t\t\t\t<a href='https:\/\/centralmedia.rs\/index.php\/2022\/06\/13\/svetski-dan-velnesa-obelezen-na-zlatiboru-global-wellness-day\/tradicija1-2\/'><img loading=\"lazy\" decoding=\"async\" width=\"150\" height=\"150\" src=\"https:\/\/centralmedia.rs\/wp-content\/uploads\/2022\/11\/tradicija1-1-150x150.jpg\" class=\"attachment-thumbnail size-thumbnail\" alt=\"\" \/><\/a>\n\t\t\t<\/div><\/figure><figure class='gallery-item'>\n\t\t\t<div class='gallery-icon landscape'>\n\t\t\t\t<a href='https:\/\/centralmedia.rs\/index.php\/2022\/06\/13\/svetski-dan-velnesa-obelezen-na-zlatiboru-global-wellness-day\/tradicija2\/'><img loading=\"lazy\" decoding=\"async\" width=\"150\" height=\"150\" src=\"https:\/\/centralmedia.rs\/wp-content\/uploads\/2022\/11\/tradicija2-150x150.jpg\" class=\"attachment-thumbnail size-thumbnail\" alt=\"\" \/><\/a>\n\t\t\t<\/div><\/figure><figure class='gallery-item'>\n\t\t\t<div class='gallery-icon portrait'>\n\t\t\t\t<a href='https:\/\/centralmedia.rs\/index.php\/2022\/06\/13\/svetski-dan-velnesa-obelezen-na-zlatiboru-global-wellness-day\/tradicija3\/'><img loading=\"lazy\" decoding=\"async\" width=\"150\" height=\"150\" src=\"https:\/\/centralmedia.rs\/wp-content\/uploads\/2022\/11\/tradicija3-150x150.jpg\" class=\"attachment-thumbnail size-thumbnail\" alt=\"\" \/><\/a>\n\t\t\t<\/div><\/figure>\n\t\t<\/div>\n\n<p>Centralna manifestacija povodom Svetskog dana velnesa odr\u017eana je i na Kraljevom trgu na Zlatiboru, pod pokroviteljstvom Op\u0161tine \u010cajetina u saradnji sa Sportskim savezom \u010cajetina.<\/p>\n<p>Sportski klubovi i \u010dlanice Sportskog saveza \u010cajetina uzeli su\u00a0 u\u010de\u0161\u0107e u programu obele\u017eavanja Svetskog dana velnesa, a najbrojniji su bili \u010dlanovi karate kluba Rujno. Za najmla\u0111e je bila osmi\u0161ljena animacija, kada\u00a0 su u\u010desnici uz animatora u kostimu Spajdermena radili ve\u017ebice uz koreografiju ispred bine na Kraljevom trgu.<\/p>\n<p>Lekari, nutricionista i psiholog\u00a0 SB \u010cigota, u centru Zlatibora davali su\u00a0 savete o o\u010duvanju psihi\u010dkog i fizi\u010dkog zdravlja tokom i posle pandemije, a za sve posetioce\u00a0 besplatno su radili antropometrijsko merenje. Vedar duh Zlatibora, kroz pesmu i igru doneli\u00a0\u00a0 su \u010dlanovi Udru\u017eenja za negovanje narodne tradicije \u201cZlatibor\u201d.<\/p>\n<p>Svetski dan velnesa\u00a0 nas podse\u0107a da je zdravlje najve\u0107e bogatstvo i da velnes nije luksuz, ve\u0107 potreba svakog od nas. Poruke \u201cJedan dan mo\u017ee promeniti ceo na\u0161 \u017eivot \u201c i \u201cJa ka\u017eem da\u201d motivi\u0161u ljude \u0161irom sveta da promene na\u010din razmi\u0161ljanja o svom zdravlju i uvedu zdrave \u017eivotne navike koje \u0107e pobolj\u0161ati kvalitet njihovih \u017eivota.<\/p>\n<p>Svetski dan velnesa\u00a0 inspiri\u0161e nas da se u 2022. godini okrenemo jo\u0161 vi\u0161e sebi\u00a0 i svom zdravlju i da u svemu \u0161to se doga\u0111a prona\u0111emo i pozitivnu stranu\u00a0 da bi sa\u010duvali svoje mentalno zdravlje, ka\u017ee Nata\u0161a Ranitovi\u0107 , ambasador Svetskog dana velnesa za Srbiju.<\/p>\n<p>Pored organizovanih programa u Srbiji, Svetski dan velnesa\u00a0 organizovan je\u00a0 \u0161irom sveta, a direktno uklju\u010denje u tro\u010dasovni\u00a0 program u\u017eivo imali su u\u010desnici iz 35 zemalja.<\/p>\n<p>&nbsp;<\/p>\n","protected":false},"excerpt":{"rendered":"<p>Svetski dan velnesa, jedanaesti po redu, u organizaciji Klastera zdravstvenog velnes i SPA turizma Srbije\u00a0 obele\u017een je na vi\u0161e lokacija na otvorenom u Srbiji, u &hellip; <\/p>\n","protected":false},"author":2,"featured_media":33348,"comment_status":"open","ping_status":"open","sticky":false,"template":"","format":"standard","meta":{"footnotes":""},"categories":[5787,2875,1524,2,23,887,3054],"tags":[2878,2876],"_links":{"self":[{"href":"https:\/\/centralmedia.rs\/index.php\/wp-json\/wp\/v2\/posts\/33347"}],"collection":[{"href":"https:\/\/centralmedia.rs\/index.php\/wp-json\/wp\/v2\/posts"}],"about":[{"href":"https:\/\/centralmedia.rs\/index.php\/wp-json\/wp\/v2\/types\/post"}],"author":[{"embeddable":true,"href":"https:\/\/centralmedia.rs\/index.php\/wp-json\/wp\/v2\/users\/2"}],"replies":[{"embeddable":true,"href":"https:\/\/centralmedia.rs\/index.php\/wp-json\/wp\/v2\/comments?post=33347"}],"version-history":[{"count":1,"href":"https:\/\/centralmedia.rs\/index.php\/wp-json\/wp\/v2\/posts\/33347\/revisions"}],"predecessor-version":[{"id":33352,"href":"https:\/\/centralmedia.rs\/index.php\/wp-json\/wp\/v2\/posts\/33347\/revisions\/33352"}],"wp:featuredmedia":[{"embeddable":true,"href":"https:\/\/centralmedia.rs\/index.php\/wp-json\/wp\/v2\/media\/33348"}],"wp:attachment":[{"href":"https:\/\/centralmedia.rs\/index.php\/wp-json\/wp\/v2\/media?parent=33347"}],"wp:term":[{"taxonomy":"category","embeddable":true,"href":"https:\/\/centralmedia.rs\/index.php\/wp-json\/wp\/v2\/categories?post=33347"},{"taxonomy":"post_tag","embeddable":true,"href":"https:\/\/centralmedia.rs\/index.php\/wp-json\/wp\/v2\/tags?post=33347"}],"curies":[{"name":"wp","href":"https:\/\/api.w.org\/{rel}","templated":true}]}}