{"id":33353,"date":"2022-06-26T23:55:12","date_gmt":"2022-06-26T21:55:12","guid":{"rendered":"http:\/\/centralmedia.rs\/?p=33353"},"modified":"2022-11-17T23:55:30","modified_gmt":"2022-11-17T22:55:30","slug":"svecana-dodela-priznanja-vitez-srbije","status":"publish","type":"post","link":"https:\/\/centralmedia.rs\/index.php\/2022\/06\/26\/svecana-dodela-priznanja-vitez-srbije\/","title":{"rendered":"Sve\u010dana dodela priznanja \u201eVitez Srbije\u201c"},"content":{"rendered":"<p>Nosioci ovog odli\u010dja imaju i vezu sa Zlatiborom, svojim radom su i na ponos cele Srbije, rekao je Milan Stamatovi\u0107.<\/p>\n<div id='gallery-1' class='gallery galleryid-33353 gallery-columns-8 gallery-size-thumbnail'><figure class='gallery-item'>\n\t\t\t<div class='gallery-icon portrait'>\n\t\t\t\t<a href='https:\/\/centralmedia.rs\/index.php\/2022\/06\/26\/svecana-dodela-priznanja-vitez-srbije\/dobitnica\/'><img loading=\"lazy\" decoding=\"async\" width=\"150\" height=\"150\" src=\"https:\/\/centralmedia.rs\/wp-content\/uploads\/2022\/11\/dobitnica-150x150.jpg\" class=\"attachment-thumbnail size-thumbnail\" alt=\"\" \/><\/a>\n\t\t\t<\/div><\/figure><figure class='gallery-item'>\n\t\t\t<div class='gallery-icon portrait'>\n\t\t\t\t<a href='https:\/\/centralmedia.rs\/index.php\/2022\/06\/26\/svecana-dodela-priznanja-vitez-srbije\/dobitnici-2\/'><img loading=\"lazy\" decoding=\"async\" width=\"150\" height=\"150\" src=\"https:\/\/centralmedia.rs\/wp-content\/uploads\/2022\/11\/dobitnici-150x150.jpg\" class=\"attachment-thumbnail size-thumbnail\" alt=\"\" \/><\/a>\n\t\t\t<\/div><\/figure><figure class='gallery-item'>\n\t\t\t<div class='gallery-icon portrait'>\n\t\t\t\t<a href='https:\/\/centralmedia.rs\/index.php\/2022\/06\/26\/svecana-dodela-priznanja-vitez-srbije\/dobitnici1\/'><img loading=\"lazy\" decoding=\"async\" width=\"150\" height=\"150\" src=\"https:\/\/centralmedia.rs\/wp-content\/uploads\/2022\/11\/dobitnici1-150x150.jpg\" class=\"attachment-thumbnail size-thumbnail\" alt=\"\" \/><\/a>\n\t\t\t<\/div><\/figure><figure class='gallery-item'>\n\t\t\t<div class='gallery-icon portrait'>\n\t\t\t\t<a href='https:\/\/centralmedia.rs\/index.php\/2022\/06\/26\/svecana-dodela-priznanja-vitez-srbije\/dobitnici2\/'><img loading=\"lazy\" decoding=\"async\" width=\"150\" height=\"150\" src=\"https:\/\/centralmedia.rs\/wp-content\/uploads\/2022\/11\/dobitnici2-150x150.jpg\" class=\"attachment-thumbnail size-thumbnail\" alt=\"\" srcset=\"https:\/\/centralmedia.rs\/wp-content\/uploads\/2022\/11\/dobitnici2-150x150.jpg 150w, https:\/\/centralmedia.rs\/wp-content\/uploads\/2022\/11\/dobitnici2-576x580.jpg 576w\" sizes=\"(max-width: 150px) 100vw, 150px\" \/><\/a>\n\t\t\t<\/div><\/figure><figure class='gallery-item'>\n\t\t\t<div class='gallery-icon portrait'>\n\t\t\t\t<a href='https:\/\/centralmedia.rs\/index.php\/2022\/06\/26\/svecana-dodela-priznanja-vitez-srbije\/dobitnici3\/'><img loading=\"lazy\" decoding=\"async\" width=\"150\" height=\"150\" src=\"https:\/\/centralmedia.rs\/wp-content\/uploads\/2022\/11\/dobitnici3-150x150.jpg\" class=\"attachment-thumbnail size-thumbnail\" alt=\"\" \/><\/a>\n\t\t\t<\/div><\/figure><figure class='gallery-item'>\n\t\t\t<div class='gallery-icon portrait'>\n\t\t\t\t<a href='https:\/\/centralmedia.rs\/index.php\/2022\/06\/26\/svecana-dodela-priznanja-vitez-srbije\/dobitnici4\/'><img loading=\"lazy\" decoding=\"async\" width=\"150\" height=\"150\" src=\"https:\/\/centralmedia.rs\/wp-content\/uploads\/2022\/11\/dobitnici4-150x150.jpg\" class=\"attachment-thumbnail size-thumbnail\" alt=\"\" \/><\/a>\n\t\t\t<\/div><\/figure><figure class='gallery-item'>\n\t\t\t<div class='gallery-icon portrait'>\n\t\t\t\t<a href='https:\/\/centralmedia.rs\/index.php\/2022\/06\/26\/svecana-dodela-priznanja-vitez-srbije\/tika\/'><img loading=\"lazy\" decoding=\"async\" width=\"150\" height=\"150\" src=\"https:\/\/centralmedia.rs\/wp-content\/uploads\/2022\/11\/tika-150x150.jpg\" class=\"attachment-thumbnail size-thumbnail\" alt=\"\" \/><\/a>\n\t\t\t<\/div><\/figure><figure class='gallery-item'>\n\t\t\t<div class='gallery-icon landscape'>\n\t\t\t\t<a href='https:\/\/centralmedia.rs\/index.php\/2022\/06\/26\/svecana-dodela-priznanja-vitez-srbije\/vitezovi\/'><img loading=\"lazy\" decoding=\"async\" width=\"150\" height=\"150\" src=\"https:\/\/centralmedia.rs\/wp-content\/uploads\/2022\/11\/vitezovi-150x150.jpg\" class=\"attachment-thumbnail size-thumbnail\" alt=\"\" \/><\/a>\n\t\t\t<\/div><\/figure>\n\t\t<\/div>\n\n<p>Sve\u010dana dodela priznanja \u201eVitez Srbije\u201c, u okviru manifestacije Vidovdanske kulturne sve\u010danosti Op\u0161tine \u010cajetina, odr\u017eana je sino\u0107 u Kulturnom centru na Zlatiboru. Ovogodi\u0161nji, kao i svi nagra\u0111eni prethodnih 12 godina, su priznanja dobili kao istaknuti pripadnici svojih profesija, koji su zahvaljuju\u0107i svojim dostignu\u0107ima godinama unazad, davali vite\u0161ke doprinose oblastima kojima se bave. \u2013 Trudimo se, i nadam se uspevamo, da iz godine u godinu prona\u0111emo ljude koji su se istakli u svojim profesijama, ali koji su ostali skromni, koji plene ljudsko\u0161\u0107u i pozitivnim osobinama \u2013 izjavio je izme\u0111u ostalog predsednik Op\u0161tine \u010cajetina Milan Stamatovi\u0107 zahvaljuju\u0107i laureatima ovog priznanja 2022. \u2013 Nosioci priznanja \u201eVitez Srbije\u201c imaju i vezu sa Zlatiborom, ali su svojim radom i na ponos cele Srbije. Klub privrednih novinara i prethodni dobitnici priznanja imaju \u010dast da predlo\u017ee aktuelne dobitnike, \u0161to, uveren sam, obezbe\u0111uje pravi\u010dnost i sa druge strane obavezu svih dobitnika da sa ponosom nose ovo priznanja. \u017diri Vidovdanskih kulturnih sve\u010danosti jednoglasno je odlu\u010dio da dodeli sedam plaketa. Plaketa Vitez srpske knji\u017eevnosti pripala je pesnikinji, dramskom piscu Mileni Markovi\u0107, koja je primaju\u0107i priznanje rekla da su vitezovi nastali po praslici arhangela, \u0161to zna\u010di da je to neko ko treba da pra\u0161ta, \u0161titi, slu\u017ei, bori se. Plaketa Vitez srpske glume pripala je Tihomiru Stani\u0107u koji u svom obra\u0107anju podsetio da su Lakta\u0161i, mesto u kom je ro\u0111en, i op\u0161tina \u010cajetina decenijama povezani, tako da se nada da \u0107e ova nagrada doprineti da te veze biti jo\u0161 \u010dvr\u0161\u0107e. \u2013 I moderno doba ima svoje vitezove. Danas ih mo\u017eete poznati po hrabrosti, istrajnosti i po\u017ertvovanosti kojom se bore za tradicionalne vrednosti u koje veruju. \u010cuvajmo tradiciju \u2013 rekla je Dragana Marinkovi\u0107, urednik emisije \u201eOd zlata jabuka\u201c Radio Beograda 2, najstarije i sigurno najpoznatije emisije koja \u010duva od zaborava na\u0161u tradicionalnu muziku. Dobitnik plakete, vajar Neboj\u0161a Savovi\u0107, rekao je da umetnici sanjaju, a da se najuspe\u0161nijima snovi i ostvaruju. \u201eHvala vam \u0161to ste me, izme\u0111u snova i jave, u\u010dinili vitezom\u201c izjavio je Savovi\u0107. Prof. dr Bo\u0161ko Milev, na\u010delnik Odeljenja za gastrointestinalnu hirurgiju Klinike za op\u0161tu hirurgiju VMA, izjavio je primaju\u0107i priznanje da je \u010dojstvo i juna\u0161tvo, koje krasi vitezove, oduvek svakodnevno prisutno i u profesiji lekara. Vitez srpskog sporta postao je kapiten Ko\u0161arka\u0161kog kluba Zlatibor iz \u010cajetine Du\u0161an Kutle\u0161i\u0107, koji je u sezoni2021\/22 predvodio saigra\u010de do trona u Ko\u0161arka\u0161koj ligi Srbije i u regionalnoj ABA2 ligi. \u201eUveren sam da smo moji saigra\u010di i ja skupa vite\u0161ki osvojili ove nagrade, jer pojedinac sam to ne mo\u017ee da postigne\u201c izjavio je Kutle\u0161i\u0107 po primanju nagrade. Nagradu Vitez srpske privrede ove godine je dobilo preduze\u0107e Galens Invest, koje je realizacijom investicije u Hotel Zlatibor doprinelo da se Zlatna planina kao turisti\u010dka destinacija, veoma visoko pozicionira na svetskoj mapi velnesa. \u201eOvu investiciju ne bismo mogli da ostvarimo bez odli\u010dne saradnje sa Op\u0161tinom \u010cajetina i ova nagrada nam je inspiracija da i dalje ula\u017eemo u razvoj turizma na Zlatiboru\u201c, rekao je generalni direktor Hotela Zlatibor Milosav Dunji\u0107. Poseban pe\u010dat manifestaciji dodele priznanja Vidovdanski vitez dala je i Etno grupa Trag koja godinima ba\u0161tini srpsku tradicionalnu pesmu i igru<\/p>\n","protected":false},"excerpt":{"rendered":"<p>Nosioci ovog odli\u010dja imaju i vezu sa Zlatiborom, svojim radom su i na ponos cele Srbije, rekao je Milan Stamatovi\u0107. Sve\u010dana dodela priznanja \u201eVitez Srbije\u201c, &hellip; <\/p>\n","protected":false},"author":2,"featured_media":33354,"comment_status":"open","ping_status":"open","sticky":false,"template":"","format":"standard","meta":{"footnotes":""},"categories":[5787,2875,1524,2,15,887,12],"tags":[2762,1112,923],"_links":{"self":[{"href":"https:\/\/centralmedia.rs\/index.php\/wp-json\/wp\/v2\/posts\/33353"}],"collection":[{"href":"https:\/\/centralmedia.rs\/index.php\/wp-json\/wp\/v2\/posts"}],"about":[{"href":"https:\/\/centralmedia.rs\/index.php\/wp-json\/wp\/v2\/types\/post"}],"author":[{"embeddable":true,"href":"https:\/\/centralmedia.rs\/index.php\/wp-json\/wp\/v2\/users\/2"}],"replies":[{"embeddable":true,"href":"https:\/\/centralmedia.rs\/index.php\/wp-json\/wp\/v2\/comments?post=33353"}],"version-history":[{"count":1,"href":"https:\/\/centralmedia.rs\/index.php\/wp-json\/wp\/v2\/posts\/33353\/revisions"}],"predecessor-version":[{"id":33363,"href":"https:\/\/centralmedia.rs\/index.php\/wp-json\/wp\/v2\/posts\/33353\/revisions\/33363"}],"wp:featuredmedia":[{"embeddable":true,"href":"https:\/\/centralmedia.rs\/index.php\/wp-json\/wp\/v2\/media\/33354"}],"wp:attachment":[{"href":"https:\/\/centralmedia.rs\/index.php\/wp-json\/wp\/v2\/media?parent=33353"}],"wp:term":[{"taxonomy":"category","embeddable":true,"href":"https:\/\/centralmedia.rs\/index.php\/wp-json\/wp\/v2\/categories?post=33353"},{"taxonomy":"post_tag","embeddable":true,"href":"https:\/\/centralmedia.rs\/index.php\/wp-json\/wp\/v2\/tags?post=33353"}],"curies":[{"name":"wp","href":"https:\/\/api.w.org\/{rel}","templated":true}]}}