{"id":33383,"date":"2022-07-21T00:05:22","date_gmt":"2022-07-20T22:05:22","guid":{"rendered":"http:\/\/centralmedia.rs\/?p=33383"},"modified":"2022-11-18T00:05:37","modified_gmt":"2022-11-17T23:05:37","slug":"grupa-zana-okupila-mnogobrojnu-publiku-na-kraljevom-trgu","status":"publish","type":"post","link":"https:\/\/centralmedia.rs\/index.php\/2022\/07\/21\/grupa-zana-okupila-mnogobrojnu-publiku-na-kraljevom-trgu\/","title":{"rendered":"Grupa &#8220;Zana&#8221; okupila mnogobrojnu publiku na Kraljevom trgu"},"content":{"rendered":"<p>Na Kraljevom trgu odr\u017ean je tre\u0107i po redu koncert u okviru Kulturnog leta na Zlatiboru, a sino\u0107 je pred mnogobrojnom publikom nastupila legendarna grupa \u201eZana\u201c.<\/p>\n<div id='gallery-1' class='gallery galleryid-33383 gallery-columns-3 gallery-size-thumbnail'><figure class='gallery-item'>\n\t\t\t<div class='gallery-icon landscape'>\n\t\t\t\t<a href='https:\/\/centralmedia.rs\/index.php\/2022\/07\/21\/grupa-zana-okupila-mnogobrojnu-publiku-na-kraljevom-trgu\/zana2\/'><img loading=\"lazy\" decoding=\"async\" width=\"150\" height=\"150\" src=\"https:\/\/centralmedia.rs\/wp-content\/uploads\/2022\/11\/zana2-150x150.jpg\" class=\"attachment-thumbnail size-thumbnail\" alt=\"\" \/><\/a>\n\t\t\t<\/div><\/figure><figure class='gallery-item'>\n\t\t\t<div class='gallery-icon landscape'>\n\t\t\t\t<a href='https:\/\/centralmedia.rs\/index.php\/2022\/07\/21\/grupa-zana-okupila-mnogobrojnu-publiku-na-kraljevom-trgu\/zana1\/'><img loading=\"lazy\" decoding=\"async\" width=\"150\" height=\"150\" src=\"https:\/\/centralmedia.rs\/wp-content\/uploads\/2022\/11\/zana1-150x150.jpg\" class=\"attachment-thumbnail size-thumbnail\" alt=\"\" \/><\/a>\n\t\t\t<\/div><\/figure><figure class='gallery-item'>\n\t\t\t<div class='gallery-icon landscape'>\n\t\t\t\t<a href='https:\/\/centralmedia.rs\/index.php\/2022\/07\/21\/grupa-zana-okupila-mnogobrojnu-publiku-na-kraljevom-trgu\/zana\/'><img loading=\"lazy\" decoding=\"async\" width=\"150\" height=\"150\" src=\"https:\/\/centralmedia.rs\/wp-content\/uploads\/2022\/11\/zana-150x150.jpg\" class=\"attachment-thumbnail size-thumbnail\" alt=\"\" \/><\/a>\n\t\t\t<\/div><\/figure>\n\t\t<\/div>\n\n<p>Pop grupa \u201eZana\u201c svoj koncert na Zlatiboru sino\u0107 je simboli\u010dno otpo\u010dela pesmom \u201eLeto\u201c, a u nastavku ve\u010deri re\u0111ali su se hitovi: \u201eO\u017eeni\u0107e\u0161 se ti\u201c,\u201c Jabuke i vino\u201c, \u201ePrinc\u201c, \u201eMladi\u0107u moj\u201c, \u201eUjutru u sedam\u201c, \u201eVejte snegovi\u201c, \u201eKasnio je vlak\u201c, \u201eOse\u0107am i znam\u201c i druge, koje je publika pevala u glas zajedno sa izvo\u0111a\u010dima Jelenom i \u017dikom.<\/p>\n<p>&#8220;Mi smo na Zlatiboru nastupali pre 12 godina, na trgu koji nije bio na ovom mestu gde se sada nalazimo ali je bilo fantasti\u010dno&#8221;, ka\u017ee Jelena, vokal grupe &#8220;Zana&#8221;.<\/p>\n<p>&#8220;Meni je ovo\u00a0 \u010detvrti put da nastupam ovde sa raznim peva\u010dicama koje su bile u grupi, ali sa mojoj suprugom je tre\u0107i put&#8221;, dodaje \u017dika.<\/p>\n<p>&#8220;99 posto pesama svi znaju, i \u0161ta to sve &#8220;Zana&#8221; mo\u017ee &#8211; &#8220;Zana&#8221; mo\u017ee sve ove pesme za 43 godine, ja sam sigurna da ih ve\u0107inu znate&#8221;, dodala je Jelena.<\/p>\n<p>Posebno iznena\u0111enje i gost na koncertu bila je mlada sugra\u0111anka koja je poreklom iz \u010cajetine, Ivana Jaj\u010danin, poznatija kao Naiva, koja se publici sino\u0107 predstavila sa svojim pesmama \u201eBa\u0161 ba\u0161\u201c i \u201eSkidam\u201c. Obe pesme nastale su kao rezultat rada sa grupom \u201eZana&#8221;. Ivana se prvi put u javnosti predstavila i pokazala svoje vokalne sposobnosti na Beoviziji 2020. godine zauzev\u0161i drugo mesto,\u00a0 a definitivno je obele\u017eila i Beoviziju 2022. godine svojim nastupom, ali posebno jedinstvenim i nesvakida\u0161njim glasom koji se razlikuje i izdvaja.<\/p>\n","protected":false},"excerpt":{"rendered":"<p>Na Kraljevom trgu odr\u017ean je tre\u0107i po redu koncert u okviru Kulturnog leta na Zlatiboru, a sino\u0107 je pred mnogobrojnom publikom nastupila legendarna grupa \u201eZana\u201c. &hellip; <\/p>\n","protected":false},"author":2,"featured_media":33384,"comment_status":"open","ping_status":"open","sticky":false,"template":"","format":"standard","meta":{"footnotes":""},"categories":[5787,2875,1524,2,23,887,3055],"tags":[6033,2876],"_links":{"self":[{"href":"https:\/\/centralmedia.rs\/index.php\/wp-json\/wp\/v2\/posts\/33383"}],"collection":[{"href":"https:\/\/centralmedia.rs\/index.php\/wp-json\/wp\/v2\/posts"}],"about":[{"href":"https:\/\/centralmedia.rs\/index.php\/wp-json\/wp\/v2\/types\/post"}],"author":[{"embeddable":true,"href":"https:\/\/centralmedia.rs\/index.php\/wp-json\/wp\/v2\/users\/2"}],"replies":[{"embeddable":true,"href":"https:\/\/centralmedia.rs\/index.php\/wp-json\/wp\/v2\/comments?post=33383"}],"version-history":[{"count":1,"href":"https:\/\/centralmedia.rs\/index.php\/wp-json\/wp\/v2\/posts\/33383\/revisions"}],"predecessor-version":[{"id":33387,"href":"https:\/\/centralmedia.rs\/index.php\/wp-json\/wp\/v2\/posts\/33383\/revisions\/33387"}],"wp:featuredmedia":[{"embeddable":true,"href":"https:\/\/centralmedia.rs\/index.php\/wp-json\/wp\/v2\/media\/33384"}],"wp:attachment":[{"href":"https:\/\/centralmedia.rs\/index.php\/wp-json\/wp\/v2\/media?parent=33383"}],"wp:term":[{"taxonomy":"category","embeddable":true,"href":"https:\/\/centralmedia.rs\/index.php\/wp-json\/wp\/v2\/categories?post=33383"},{"taxonomy":"post_tag","embeddable":true,"href":"https:\/\/centralmedia.rs\/index.php\/wp-json\/wp\/v2\/tags?post=33383"}],"curies":[{"name":"wp","href":"https:\/\/api.w.org\/{rel}","templated":true}]}}