{"id":33390,"date":"2022-08-04T16:56:28","date_gmt":"2022-08-04T14:56:28","guid":{"rendered":"http:\/\/centralmedia.rs\/?p=33390"},"modified":"2022-11-18T16:56:46","modified_gmt":"2022-11-18T15:56:46","slug":"rok-vece-na-zlatiboru-uz-partibrejkerse","status":"publish","type":"post","link":"https:\/\/centralmedia.rs\/index.php\/2022\/08\/04\/rok-vece-na-zlatiboru-uz-partibrejkerse\/","title":{"rendered":"Rok ve\u010de na Zlatiboru uz Partibrejkerse"},"content":{"rendered":"<p>Legendarni rokenrol sastav \u201ePartibrejkers\u201c, koji ove godine slavi \u010detrdeset godina postojanja, sino\u0107 je na Kraljevom trgu na Zlatiboru pru\u017eio me\u0161tanima i posetiocima odli\u010dnu svirku. Nakon nekoliko godina od prethodnog koncerta, \u201ePartibrejkersi\u201c su se odu\u017eili Zlatiborcima zbog velike pauze.<\/p>\n<p>&#8220;Ba\u0161 kao \u0161to se pored Mika D\u017eegera zna za Kita Ri\u010dardsa ili pored Roberta Planta za D\u017eimija Pejd\u017ea, tako za publiku na ovim prostorima Partibrejkerse \u010dine peva\u010d Zoran Kosti\u0107 Cane i gitarista Neboj\u0161a Antonijevi\u0107 Anton. Oni su uspeli ne\u0161to \u0161to je malo kome uspelo u na\u0161oj muzici &#8211; da potraju isti i tako demantuju sve sumnje &#8220;da li je rokenrol deo na\u0161e kulture&#8221;. U organizaciji op\u0161tine \u010cajetina i Turisti\u010dke organizacije Zlatibor ve\u010deras za vas Partibrejkersi&#8221;, rekla je Marija Jeremi\u0107, pomo\u0107nik predsednika Op\u0161tine za odnose sa javno\u0161\u0107u.<\/p>\n<p>Koncert su po\u010deli pesmom \u201cNo\u0107\u201d, da bi usledile\u00a0 pesme \u201cAko si\u201d, \u201cHej ti dole\u201d, \u201cZemljotres\u201d, a potom i dobro poznate numere \u201c1000 godina\u201d i \u201cHipnotisana gomila\u201d koje su razigrale publiku i podigle atmosferu.<\/p>\n<p>Koncert na Zlatiboru obele\u017eio je veliki broj mladih ljudi koji su sa velikom rado\u0161\u0107u i energijom propratili sve one pesme iz dosada\u0161njeg rada starih rokera. Dobra energija i raspolo\u017eena publika vratila je bend na bis. Pesme poput \u201cMese\u010deve k\u0107i\u201d ili \u201cDugo te nema\u201d samo su podsetile prisutne na epohu kada su \u201cBrejkersi\u201d harali.<\/p>\n","protected":false},"excerpt":{"rendered":"<p>Legendarni rokenrol sastav \u201ePartibrejkers\u201c, koji ove godine slavi \u010detrdeset godina postojanja, sino\u0107 je na Kraljevom trgu na Zlatiboru pru\u017eio me\u0161tanima i posetiocima odli\u010dnu svirku. Nakon &hellip; <\/p>\n","protected":false},"author":2,"featured_media":33391,"comment_status":"open","ping_status":"open","sticky":false,"template":"","format":"standard","meta":{"footnotes":""},"categories":[2875,5787,1524,2,23,887,3055],"tags":[2762,5472],"_links":{"self":[{"href":"https:\/\/centralmedia.rs\/index.php\/wp-json\/wp\/v2\/posts\/33390"}],"collection":[{"href":"https:\/\/centralmedia.rs\/index.php\/wp-json\/wp\/v2\/posts"}],"about":[{"href":"https:\/\/centralmedia.rs\/index.php\/wp-json\/wp\/v2\/types\/post"}],"author":[{"embeddable":true,"href":"https:\/\/centralmedia.rs\/index.php\/wp-json\/wp\/v2\/users\/2"}],"replies":[{"embeddable":true,"href":"https:\/\/centralmedia.rs\/index.php\/wp-json\/wp\/v2\/comments?post=33390"}],"version-history":[{"count":1,"href":"https:\/\/centralmedia.rs\/index.php\/wp-json\/wp\/v2\/posts\/33390\/revisions"}],"predecessor-version":[{"id":33392,"href":"https:\/\/centralmedia.rs\/index.php\/wp-json\/wp\/v2\/posts\/33390\/revisions\/33392"}],"wp:featuredmedia":[{"embeddable":true,"href":"https:\/\/centralmedia.rs\/index.php\/wp-json\/wp\/v2\/media\/33391"}],"wp:attachment":[{"href":"https:\/\/centralmedia.rs\/index.php\/wp-json\/wp\/v2\/media?parent=33390"}],"wp:term":[{"taxonomy":"category","embeddable":true,"href":"https:\/\/centralmedia.rs\/index.php\/wp-json\/wp\/v2\/categories?post=33390"},{"taxonomy":"post_tag","embeddable":true,"href":"https:\/\/centralmedia.rs\/index.php\/wp-json\/wp\/v2\/tags?post=33390"}],"curies":[{"name":"wp","href":"https:\/\/api.w.org\/{rel}","templated":true}]}}