{"id":33393,"date":"2022-08-02T17:01:04","date_gmt":"2022-08-02T15:01:04","guid":{"rendered":"http:\/\/centralmedia.rs\/?p=33393"},"modified":"2022-11-18T17:05:49","modified_gmt":"2022-11-18T16:05:49","slug":"opstina-cajetina-pionir-u-separaciji-otpada-u-srbiji","status":"publish","type":"post","link":"https:\/\/centralmedia.rs\/index.php\/2022\/08\/02\/opstina-cajetina-pionir-u-separaciji-otpada-u-srbiji\/","title":{"rendered":"Op\u0161tina \u010cajetina pionir u separaciji otpada u Srbiji"},"content":{"rendered":"<p>\u2013 Projekat primarne selekcije otpada je ne\u0161to \u010demu te\u017eimo ve\u0107 godinama, i za \u0161ta se lokalna samouprava na \u010delu sa KJP \u201cZlatibor\u201d \u010cajetina, uveliko pripremala. Podr\u017eani od strane \u0160vedske vlade, Stalne konferencije gradova i op\u0161tina, nadle\u017enog ministarstva, sada mogu da ka\u017eem da je po\u010detak realizacije ovog va\u017enog koraka u o\u010duvanju \u017eivotne sredine do\u0161ao. Cilj nam je da razdvajanjem otpada na mestu nastanka na suvi i mokri, pove\u0107amo koli\u010dine suvog otpada i na taj na\u010din smanjimo koli\u010dine koje zavr\u0161avaju na deponiji \u2013 izjavila je Marija Jeremi\u0107, pomo\u0107nik predsednika op\u0161tine \u010cajetina, na sve\u010danosti povodom po\u010detka projekta \u201eOdvajamo\u201c.<\/p>\n<p>Projekat \u201eOdvajamo\u201c pokrenulo je Ministarstvo za\u0161tite \u017eivotne sredine Republike Srbije uz podr\u0161ku EU i Kraljevine \u0160vedske i on se sprovodi u \u010detiri regiona za upravljanje otpadom, koji obuhvataju ukupno 17 gradova i op\u0161tina u Srbiji, me\u0111u kojima je i Op\u0161tina \u010cajetina \u2013 kao deo regiona Duboko.<\/p>\n<p>Kroz ovaj projekat Op\u0161tini \u010cajetina donirana je komunalna oprema u vidu 5.936 plavih kanti zapremine 240 litara za sakupljanje reciklabilnog toka otpada, 40 \u017eutih kontejnera zapremine 1,1 m3 namenjenih za sakupljanje stakla, auto-sme\u0107ara kapaciteta 16 m3, kao i pomo\u0107 u sprovo\u0111enju kampanje informisanja gra\u0111ana o primarnoj selekciji otpada.<\/p>\n<p>Antoan Avinjon, programski menad\u017eer za za\u0161titu \u017eivotne sredine Kancelarije EU u Srbiji, izjavio je da nakon tri godine od po\u010detnih aktivnosti po ovom projektu stanovnici op\u0161tine \u010cajetina dobijaju mogu\u0107nost da na mestu nastanka otpada odvajaju onaj koji \u0107e lokalno komunalno preduze\u0107e prikupiti i ponuditi na tr\u017ei\u0161tu sekundarnih sirovina od \u010dega \u0107e lokalna samouprava jo\u0161 i zaraditi. \u201eOp\u0161tina \u010cajetina je jedan od pionira u Srbiji upravljanja otpadom kada su se 2011. godine priklju\u010dili osniva\u010dima Regionalne sanitarne deponije Duboko. I, evo, nakon 11 godina, ponovo ste u prilici da budete pioniri u razdvajanju otpada u Srbiji\u201c zaklju\u010dio je Avinjon.<\/p>\n<div id='gallery-1' class='gallery galleryid-33393 gallery-columns-3 gallery-size-thumbnail'><figure class='gallery-item'>\n\t\t\t<div class='gallery-icon landscape'>\n\t\t\t\t<a href='https:\/\/centralmedia.rs\/index.php\/2022\/08\/02\/opstina-cajetina-pionir-u-separaciji-otpada-u-srbiji\/odvajamo2\/'><img loading=\"lazy\" decoding=\"async\" width=\"150\" height=\"150\" src=\"https:\/\/centralmedia.rs\/wp-content\/uploads\/2022\/11\/Odvajamo2-150x150.jpg\" class=\"attachment-thumbnail size-thumbnail\" alt=\"\" \/><\/a>\n\t\t\t<\/div><\/figure><figure class='gallery-item'>\n\t\t\t<div class='gallery-icon portrait'>\n\t\t\t\t<a href='https:\/\/centralmedia.rs\/index.php\/2022\/08\/02\/opstina-cajetina-pionir-u-separaciji-otpada-u-srbiji\/odvajamo3\/'><img loading=\"lazy\" decoding=\"async\" width=\"150\" height=\"150\" src=\"https:\/\/centralmedia.rs\/wp-content\/uploads\/2022\/11\/Odvajamo3-150x150.jpg\" class=\"attachment-thumbnail size-thumbnail\" alt=\"\" srcset=\"https:\/\/centralmedia.rs\/wp-content\/uploads\/2022\/11\/Odvajamo3-150x150.jpg 150w, https:\/\/centralmedia.rs\/wp-content\/uploads\/2022\/11\/Odvajamo3-400x400.jpg 400w\" sizes=\"(max-width: 150px) 100vw, 150px\" \/><\/a>\n\t\t\t<\/div><\/figure><figure class='gallery-item'>\n\t\t\t<div class='gallery-icon landscape'>\n\t\t\t\t<a href='https:\/\/centralmedia.rs\/index.php\/2022\/08\/02\/opstina-cajetina-pionir-u-separaciji-otpada-u-srbiji\/odvajamo4\/'><img loading=\"lazy\" decoding=\"async\" width=\"150\" height=\"150\" src=\"https:\/\/centralmedia.rs\/wp-content\/uploads\/2022\/11\/Odvajamo4-150x150.jpg\" class=\"attachment-thumbnail size-thumbnail\" alt=\"\" \/><\/a>\n\t\t\t<\/div><\/figure>\n\t\t<\/div>\n\n<p>Dr\u017eavna sekretarka Ministarstva za\u0161tite \u017eivotne sredine Ivana Had\u017ei Sto\u0161i\u0107 je navela podatak da u op\u0161tinama u kojima se sprovodi ovaj projekat godi\u0161nje se generi\u0161e oko 215 tona otpada, i cilj ovog projekta je da se u naredne dve godine reciklira 30 tona otpada sa deponija. \u201eMinistarstvo za\u0161tite \u017eivotne sredine i Vlada Republike Srbije su usvojili dva klju\u010dna dokumenta u ovoj oblasti \u2013 Plan upravljanje otpadom za period od 10 godina i Akcioni plan za period 2022-2024 godine, i, naravno, ministarstvo i Vlada Srbije \u0107e nastaviti da podr\u017eavaju op\u0161tinu \u010cajetina i sve ostale op\u0161tine u zelenim projektima\u201c dodala je Had\u017ei Sto\u0161i\u0107.<\/p>\n<p>Glavni nosilac projekta odvajanja otpada na teritoriji op\u0161tine \u010cajetina je KJP \u201eZlatibor\u201c \u010cajetina i rukovodilac komunalne slu\u017ebe Vera Blagojevi\u0107 je najavila da \u0107e do sredine avgusta prvih 107 doma\u0107instava dobiti nove kante za odvajanje otpada. Tako\u0111e je navela da se sa po\u010detkom realizacije ovog projekta na teritoriji op\u0161tine \u010cajetina prestaje sa kori\u0161\u0107enjem kontejnera na javnim povr\u0161inama.<\/p>\n<p>&nbsp;<\/p>\n","protected":false},"excerpt":{"rendered":"<p>\u2013 Projekat primarne selekcije otpada je ne\u0161to \u010demu te\u017eimo ve\u0107 godinama, i za \u0161ta se lokalna samouprava na \u010delu sa KJP \u201cZlatibor\u201d \u010cajetina, uveliko pripremala. &hellip; <\/p>\n","protected":false},"author":2,"featured_media":33394,"comment_status":"open","ping_status":"open","sticky":false,"template":"","format":"standard","meta":{"footnotes":""},"categories":[2875,5787,1524,2,887,16,12],"tags":[2762,6035,6036],"_links":{"self":[{"href":"https:\/\/centralmedia.rs\/index.php\/wp-json\/wp\/v2\/posts\/33393"}],"collection":[{"href":"https:\/\/centralmedia.rs\/index.php\/wp-json\/wp\/v2\/posts"}],"about":[{"href":"https:\/\/centralmedia.rs\/index.php\/wp-json\/wp\/v2\/types\/post"}],"author":[{"embeddable":true,"href":"https:\/\/centralmedia.rs\/index.php\/wp-json\/wp\/v2\/users\/2"}],"replies":[{"embeddable":true,"href":"https:\/\/centralmedia.rs\/index.php\/wp-json\/wp\/v2\/comments?post=33393"}],"version-history":[{"count":1,"href":"https:\/\/centralmedia.rs\/index.php\/wp-json\/wp\/v2\/posts\/33393\/revisions"}],"predecessor-version":[{"id":33398,"href":"https:\/\/centralmedia.rs\/index.php\/wp-json\/wp\/v2\/posts\/33393\/revisions\/33398"}],"wp:featuredmedia":[{"embeddable":true,"href":"https:\/\/centralmedia.rs\/index.php\/wp-json\/wp\/v2\/media\/33394"}],"wp:attachment":[{"href":"https:\/\/centralmedia.rs\/index.php\/wp-json\/wp\/v2\/media?parent=33393"}],"wp:term":[{"taxonomy":"category","embeddable":true,"href":"https:\/\/centralmedia.rs\/index.php\/wp-json\/wp\/v2\/categories?post=33393"},{"taxonomy":"post_tag","embeddable":true,"href":"https:\/\/centralmedia.rs\/index.php\/wp-json\/wp\/v2\/tags?post=33393"}],"curies":[{"name":"wp","href":"https:\/\/api.w.org\/{rel}","templated":true}]}}