{"id":33408,"date":"2022-08-10T17:08:17","date_gmt":"2022-08-10T15:08:17","guid":{"rendered":"http:\/\/centralmedia.rs\/?p=33408"},"modified":"2022-11-18T17:08:39","modified_gmt":"2022-11-18T16:08:39","slug":"novosadski-trio-bend-frajle-nastupao-na-zlatiboru","status":"publish","type":"post","link":"https:\/\/centralmedia.rs\/index.php\/2022\/08\/10\/novosadski-trio-bend-frajle-nastupao-na-zlatiboru\/","title":{"rendered":"Novosadski trio &#8211; bend &#8220;Frajle&#8221; nastupao na Zlatiboru"},"content":{"rendered":"<p>Nata\u0161a Mihajlovi\u0107, Jelena i Nevena Bu\u010da okupile su na Kraljevom trgu na Zlatiboru fanove i mnogobrojnu zlatiborsku publiku razli\u010ditih generacija. Svojim glasovima i scenskim nastupom, \u201eFrajle\u201c su napravile odli\u010dnu atmosferu. Pevale su svoje hitove, ali i obrade pesama drugih autora.<\/p>\n<p>U sklopu ovogodi\u0161njeg kulturnog leta, Novosadska grupa \u201eFrajle\u201c po drugi put su posetile Zlatibor i odr\u017eale koncert na Kraljevom trgu. Od poslednjeg nastupa pro\u0161lo je 8 godina kada je i krenula njihova prva turneja a, kako i same ka\u017eu, Zlatibor im je bio sre\u0107an.<\/p>\n<p>&#8220;U to vreme iza\u0161ao je prvi album a ove godine sedmi po redu. Puno je koncerata iza nas, puno pre\u0111enih kilometara po celom regionu a imale smo turneje i po Njujorku, Kanadi, Nema\u010dkoj, Holandiji, Austriji. Bila je tu i ta kratka pauza 2020. i to nas je sve zaustavilo ali od pro\u0161le godine, a pogotovo ove 2022. nastavljamo punom parom&#8221;, ka\u017ee Nevena Bu\u010da.<\/p>\n<p>Koncert su otvorile pesmom \u201cLjubav na dar\u201d, a nakon pozdrava publici nastavile su s obradom \u201cMeni treba\u0161 ti\u201d Olivera Dragojevi\u0107a, &#8220;Ko se to meni zaljubio&#8221;&#8230; Posebne emocije kod publike izazvala je numera iz popularne serije &#8220;Tajne vinove loze&#8221;, a izvele su i novu pesmu \u201cGorim\u201d koja je iza\u0161la pre mesec dana. A \u0161ta je to po \u010demu se Frajle razlikuju od ostatka scene Nata\u0161a Mihajlovi\u0107 ka\u017ee.<\/p>\n<p>&#8220;Ono \u0161to nas karakteri\u0161e su dobre pesme i to je jedna od najva\u017enijih stvari koja je potrebna za uspe\u0161nu karijeru. Mislim da samim tim \u0161to dolazimo iz Vojvodine i samo na\u0161e ima nosi jedan poseban zvuk koji se svuda provla\u010di kroz na\u0161e pesme i oslikava podneblje gde se nalazimo i odakle smo potekle. Naravno, obele\u017eili su nas i kostimi i to \u0161to smo \u017eene i \u0161to smo vesele, \u0161to smo be\u0107aru\u0161e a tu je i na\u0161 autorski rad&#8221;.<\/p>\n<p>\u010clanica tro\u010dlanog benda, Jelena Bu\u010da, napisala je knjigu pod nazivom &#8220;Kako sam postala Frajla&#8221; u kojoj govori o karijerama \u010dlanica muzi\u010dkog sastava. Sa istom temom, snimljen je i dokumentarac.<\/p>\n<p>&#8220;Ja moram da ka\u017eem za Zlatibor da je to na\u0161e specifi\u010dno mesto za odmor pogotovo u periodu posle Nove godine kada smo \u010desto dolazile na sankanje jer ne skijamo. Nakon ovog koncerta \u010deka nas Banjaluka, Bitola krajem meseca, Split, Zemun fest 26. avgusta. Snimile smo dokumentarni film i nadamo se da \u0107e se na\u0107i na malim ekranima, napisala sam knjigu kako sam postala Frajla i jako je puno toga \u0161to smo uradile za vreme ove pauze a uskoro \u0107e i knjiga biti u onlajn prodaji&#8221;, rekla je Jelena Bu\u010da.<\/p>\n<p>Nata\u0161a Mihajlovi\u0107, Jelena i Nevena Bu\u010da tri su dame koje svojim vokalima, gitarom i \u010detvoro\u010dlanim prate\u0107im bendom publiku osvajaju ve\u0107 du\u017ee od 13 godina, a njihova energija ono je \u0161to ih \u010dini posebnim i izdvaja od ostalih izvo\u0111a\u010da. Na svakom koncertu, gde god nastupale, uvek privuku veliki broj ljudi, pa se tako i na Zlatiboru okupilo mno\u0161tvo posetilaca koji su u muzici u\u017eivali sat i po vremena.<\/p>\n","protected":false},"excerpt":{"rendered":"<p>Nata\u0161a Mihajlovi\u0107, Jelena i Nevena Bu\u010da okupile su na Kraljevom trgu na Zlatiboru fanove i mnogobrojnu zlatiborsku publiku razli\u010ditih generacija. Svojim glasovima i scenskim nastupom, &hellip; <\/p>\n","protected":false},"author":2,"featured_media":33409,"comment_status":"open","ping_status":"open","sticky":false,"template":"","format":"standard","meta":{"footnotes":""},"categories":[5787,2875,1524,2,23,887,3055],"tags":[2762,6037],"_links":{"self":[{"href":"https:\/\/centralmedia.rs\/index.php\/wp-json\/wp\/v2\/posts\/33408"}],"collection":[{"href":"https:\/\/centralmedia.rs\/index.php\/wp-json\/wp\/v2\/posts"}],"about":[{"href":"https:\/\/centralmedia.rs\/index.php\/wp-json\/wp\/v2\/types\/post"}],"author":[{"embeddable":true,"href":"https:\/\/centralmedia.rs\/index.php\/wp-json\/wp\/v2\/users\/2"}],"replies":[{"embeddable":true,"href":"https:\/\/centralmedia.rs\/index.php\/wp-json\/wp\/v2\/comments?post=33408"}],"version-history":[{"count":1,"href":"https:\/\/centralmedia.rs\/index.php\/wp-json\/wp\/v2\/posts\/33408\/revisions"}],"predecessor-version":[{"id":33410,"href":"https:\/\/centralmedia.rs\/index.php\/wp-json\/wp\/v2\/posts\/33408\/revisions\/33410"}],"wp:featuredmedia":[{"embeddable":true,"href":"https:\/\/centralmedia.rs\/index.php\/wp-json\/wp\/v2\/media\/33409"}],"wp:attachment":[{"href":"https:\/\/centralmedia.rs\/index.php\/wp-json\/wp\/v2\/media?parent=33408"}],"wp:term":[{"taxonomy":"category","embeddable":true,"href":"https:\/\/centralmedia.rs\/index.php\/wp-json\/wp\/v2\/categories?post=33408"},{"taxonomy":"post_tag","embeddable":true,"href":"https:\/\/centralmedia.rs\/index.php\/wp-json\/wp\/v2\/tags?post=33408"}],"curies":[{"name":"wp","href":"https:\/\/api.w.org\/{rel}","templated":true}]}}