{"id":33421,"date":"2022-08-20T17:16:34","date_gmt":"2022-08-20T15:16:34","guid":{"rendered":"http:\/\/centralmedia.rs\/?p=33421"},"modified":"2022-11-18T17:17:04","modified_gmt":"2022-11-18T16:17:04","slug":"rsumova-akademija-saradnici-sunca","status":"publish","type":"post","link":"https:\/\/centralmedia.rs\/index.php\/2022\/08\/20\/rsumova-akademija-saradnici-sunca\/","title":{"rendered":"R\u0161umova Akademija &#8220;Saradnici Sunca&#8221;"},"content":{"rendered":"<p>U periodu od 20. do 26. avgusta 2022. godine na Zlatiboru i u Ljubi\u0161u, bi\u0107e realizovana \u010detvrta Akademija \u201eSaradnici Sunca\u201d, \u0161estodnevni stvarala\u010dki kamp namenjen mladim, talentovanim pesnicima iz cele Srbije i regiona. Akademija \u201eSaradnici Sunca\u201d je projekat koji po \u010detvrti put realizuje Fondacija \u201eR\u0161um\u201d \u010diji je osniva\u010d i predsednik na\u0161 omiljeni de\u010diji pesnik Ljubivoje R\u0161umovi\u0107.<\/p>\n<div id='gallery-1' class='gallery galleryid-33421 gallery-columns-3 gallery-size-thumbnail'><figure class='gallery-item'>\n\t\t\t<div class='gallery-icon landscape'>\n\t\t\t\t<a href='https:\/\/centralmedia.rs\/index.php\/2022\/08\/20\/rsumova-akademija-saradnici-sunca\/kamp2-2\/'><img loading=\"lazy\" decoding=\"async\" width=\"150\" height=\"150\" src=\"https:\/\/centralmedia.rs\/wp-content\/uploads\/2022\/11\/kamp2-150x150.jpg\" class=\"attachment-thumbnail size-thumbnail\" alt=\"\" \/><\/a>\n\t\t\t<\/div><\/figure><figure class='gallery-item'>\n\t\t\t<div class='gallery-icon landscape'>\n\t\t\t\t<a href='https:\/\/centralmedia.rs\/index.php\/2022\/08\/20\/rsumova-akademija-saradnici-sunca\/kamp3-2\/'><img loading=\"lazy\" decoding=\"async\" width=\"150\" height=\"150\" src=\"https:\/\/centralmedia.rs\/wp-content\/uploads\/2022\/11\/kamp3-150x150.jpg\" class=\"attachment-thumbnail size-thumbnail\" alt=\"\" \/><\/a>\n\t\t\t<\/div><\/figure><figure class='gallery-item'>\n\t\t\t<div class='gallery-icon landscape'>\n\t\t\t\t<a href='https:\/\/centralmedia.rs\/index.php\/2022\/08\/20\/rsumova-akademija-saradnici-sunca\/kamp20191\/'><img loading=\"lazy\" decoding=\"async\" width=\"150\" height=\"150\" src=\"https:\/\/centralmedia.rs\/wp-content\/uploads\/2022\/11\/kamp20191-150x150.jpg\" class=\"attachment-thumbnail size-thumbnail\" alt=\"\" \/><\/a>\n\t\t\t<\/div><\/figure>\n\t\t<\/div>\n\n<p>Cilj kampa je da okupi decu koja se bave literarnim stvarala\u0161tvom i da im pomogne da kroz igru, kreativne radionice i dru\u017eenje, razvijaju i usavr\u0161avaju svoj pesni\u010dki talenat.<\/p>\n<p>R\u0161umovi\u0107 isti\u010de kako se kamp bavi \u201eprepoznavanjem nadarenosti za literarno stvarala\u0161tvo kod dece, ali i prakti\u010dnim radom na prou\u010davanju fenomena i tajni detinjstva\u201d.<\/p>\n<p>Pored Ljubivoja R\u0161umovi\u0107a, sa decom \u0107e raditi i dru\u017eiti se mnogi istaknuti knji\u017eevni i dramski stvaraoci, me\u0111u kojima su: Uro\u0161 Petrovi\u0107, Dejan Aleksi\u0107, Violeta Jovi\u0107, Tode Nikoleti\u0107, Borka Tomovi\u0107, Branko Stevanovi\u0107 i drugi.<\/p>\n<p>Tokom trajanja kampa uz podr\u0161ku Op\u0161tine \u010cajetina, Turisti\u010dke organizacije Zlatibor i JP \u201eGold gondola Zlatibor\u201c, deca \u0107e imati priliku i da upoznaju turisti\u010dke lokalitete na teritoriji Op\u0161tine.<\/p>\n<p>U utorak 23. avgusta na krajnjoj stanici Gold gondole od 10 \u010dasova, zainteresovani mogu prisustvovati otvorenom \u010dasu Akademije \u201eSaradnici Sunca\u201c, dok \u0107e poslednjeg dana kampa, na Kraljevom trgu na Zlatiboru sa po\u010detkom u 12 \u010dasova biti odr\u017eana zavr\u0161na priredba, u kojoj \u0107e pored dece pesnika u\u010destvovati: Ljubivoje R\u0161umovi\u0107, Uro\u0161 Petrovi\u0107 i Branko Stevanovi\u0107. Priredbu \u0107e voditi Borka Tomovi\u0107, dok \u0107e specijalni gost biti Branislav Rosi\u0107.<\/p>\n<p>Namera organizatora je da Akademija \u201eSaradnici Sunca\u201d postane tradicionalni godi\u0161nji doga\u0111aj, a da se u\u010de\u0161\u0107e ve\u0107 naredne godine pro\u0161iri i na decu iz dijaspore.<\/p>\n<p>Projekat Akademija \u201eSaradnici Sunca\u201d podr\u017ean je od strane Ministarstva kulture i informisanja Republike Srbije i Op\u0161tine \u010cajetina.<\/p>\n<p>&nbsp;<\/p>\n<p>Fondacija \u201eR\u0161um\u201d osnovana je od strane jednog od na\u0161ih najuglednijih pesnika za decu Ljubivoja R\u0161umovi\u0107a.<\/p>\n<p>Ro\u0111en u Ljubi\u0161u, na Zlatiboru, 03.07.1939. godine. \u0160kolovao se u Ljubi\u0161u, \u010cajetini, U\u017eicu i Beogradu. Diplomirao 1965. godine na Filolo\u0161kom fakultetu, na katedri komparativne knji\u017eevnosti. Radio u Radio-televiziji Beograd, kao novinar saradnik, i urednik u Programu za decu i Dokumentarnom programu. Poznate su njegove emisije: \u201eUtorak ve\u010de \u2013 ma \u0161ta mi re\u010de\u201c, \u201eHiljadu za\u0161to\u201c, \u201eHajde da rastemo\u201c, \u201eDvogled\u201c, \u201eIspeci pa reci deci\u201c, \u201ePri\u010de o ljudima i naravima\u201c,\u201eFazoni i fore\u201c&#8230; Bio je urednik u Izdava\u010dkom preduze\u0107u \u201eKnji\u017eevne novine\u201c, a potom direktor Pozori\u0161ta Bo\u0161ko Buha. Objavio je devedeset knjiga, uglavnom za mlade ljude. Preveden je na vi\u0161e jezika, a njegov \u201eBukvar de\u010djih prava\u201c, preveden na engleski, dobio je nagradu UNESKO-a, na konkursu za knjigu koja propagira mir i toleranciju. Dobio je uglednu makedonsku nagradu \u201eTabernakul\u201c za poeziju, zajedno sa Kunderom, koji je nagra\u0111en za prozu.<\/p>\n<p>Nakon vi\u0161edecenijskog rada sa decom i za decu, Ljubi<\/p>\n<p>voje R\u0161umovi\u0107 osniva Fondaciju R\u0161um sa idejom podsticanja kreativnosti, stvarala\u0161tva i individualnog razvoja kod dece. \u201eSaradnici Sunca\u201c predstavlja prvi projekat ove fondacije i realizuje se u saradnji sa istaknutim umetnicima, stvaraocima, pedagozima, uz svesrdnu pomo\u0107 predstavnika lokalne uprave i\u00a0 stanovni\u0161tvom Op\u0161tine \u010cajetina.<\/p>\n<p>&nbsp;<\/p>\n<p>&nbsp;<\/p>\n<p>&nbsp;<\/p>\n","protected":false},"excerpt":{"rendered":"<p>U periodu od 20. do 26. avgusta 2022. godine na Zlatiboru i u Ljubi\u0161u, bi\u0107e realizovana \u010detvrta Akademija \u201eSaradnici Sunca\u201d, \u0161estodnevni stvarala\u010dki kamp namenjen mladim, &hellip; <\/p>\n","protected":false},"author":2,"featured_media":33422,"comment_status":"open","ping_status":"open","sticky":false,"template":"","format":"standard","meta":{"footnotes":""},"categories":[5787,2875,1524,2,23,887,30],"tags":[339,6040,2876],"_links":{"self":[{"href":"https:\/\/centralmedia.rs\/index.php\/wp-json\/wp\/v2\/posts\/33421"}],"collection":[{"href":"https:\/\/centralmedia.rs\/index.php\/wp-json\/wp\/v2\/posts"}],"about":[{"href":"https:\/\/centralmedia.rs\/index.php\/wp-json\/wp\/v2\/types\/post"}],"author":[{"embeddable":true,"href":"https:\/\/centralmedia.rs\/index.php\/wp-json\/wp\/v2\/users\/2"}],"replies":[{"embeddable":true,"href":"https:\/\/centralmedia.rs\/index.php\/wp-json\/wp\/v2\/comments?post=33421"}],"version-history":[{"count":2,"href":"https:\/\/centralmedia.rs\/index.php\/wp-json\/wp\/v2\/posts\/33421\/revisions"}],"predecessor-version":[{"id":33427,"href":"https:\/\/centralmedia.rs\/index.php\/wp-json\/wp\/v2\/posts\/33421\/revisions\/33427"}],"wp:featuredmedia":[{"embeddable":true,"href":"https:\/\/centralmedia.rs\/index.php\/wp-json\/wp\/v2\/media\/33422"}],"wp:attachment":[{"href":"https:\/\/centralmedia.rs\/index.php\/wp-json\/wp\/v2\/media?parent=33421"}],"wp:term":[{"taxonomy":"category","embeddable":true,"href":"https:\/\/centralmedia.rs\/index.php\/wp-json\/wp\/v2\/categories?post=33421"},{"taxonomy":"post_tag","embeddable":true,"href":"https:\/\/centralmedia.rs\/index.php\/wp-json\/wp\/v2\/tags?post=33421"}],"curies":[{"name":"wp","href":"https:\/\/api.w.org\/{rel}","templated":true}]}}