{"id":3343,"date":"2016-06-09T19:34:07","date_gmt":"2016-06-09T19:34:07","guid":{"rendered":"http:\/\/centralmedia.rs\/?p=3343"},"modified":"2016-06-09T19:34:07","modified_gmt":"2016-06-09T19:34:07","slug":"dejan-petrovic-big-bend-podigli-jagodinu-na-noge","status":"publish","type":"post","link":"https:\/\/centralmedia.rs\/index.php\/2016\/06\/09\/dejan-petrovic-big-bend-podigli-jagodinu-na-noge\/","title":{"rendered":"DEJAN PETROVI\u0106 I BIG BEND PODIGLI JAGODINU NA NOGE"},"content":{"rendered":"<p>JAGODINA-Humanitarni koncert za obnovu stare zgrade U\u010diteljske \u0161kole Dejana Petrovi\u0107a i Big benda, sastavljenog od majstora trube i drugih instrumenata, okupio je ve\u010deras vi\u0161e od hiljadu Jagodinaca u dvori\u0161tu Fakulteta pedago\u0161kih nauka. <a href=\"https:\/\/centralmedia.rs\/wp-content\/uploads\/2016\/06\/koncert-7-jagodina-g.j..jpg\"><img loading=\"lazy\" decoding=\"async\" src=\"https:\/\/centralmedia.rs\/wp-content\/uploads\/2016\/06\/koncert-7-jagodina-g.j.-300x225.jpg\" alt=\"koncert 7-jagodina-g.j.\" width=\"300\" height=\"225\" class=\"alignnone size-medium wp-image-3345\" srcset=\"https:\/\/centralmedia.rs\/wp-content\/uploads\/2016\/06\/koncert-7-jagodina-g.j.-300x225.jpg 300w, https:\/\/centralmedia.rs\/wp-content\/uploads\/2016\/06\/koncert-7-jagodina-g.j.-768x576.jpg 768w, https:\/\/centralmedia.rs\/wp-content\/uploads\/2016\/06\/koncert-7-jagodina-g.j.-80x60.jpg 80w, https:\/\/centralmedia.rs\/wp-content\/uploads\/2016\/06\/koncert-7-jagodina-g.j.-265x198.jpg 265w, https:\/\/centralmedia.rs\/wp-content\/uploads\/2016\/06\/koncert-7-jagodina-g.j..jpg 900w\" sizes=\"(max-width: 300px) 100vw, 300px\" \/><\/a><br \/>\n-Ovo nam je 15 humanitarni koncert u ovoj godini, prvi put sam u Jagodini. Podr\u017eavam mlade ljude i njihovo obrazovanje. Volimo kvalitetnu  muziku i trudimo se da to priu\u0161timo svim generacijama, kao i da obrazovanje bude jo\u0161 bolje, rekao je Petrovi\u0107.<a href=\"https:\/\/centralmedia.rs\/wp-content\/uploads\/2016\/06\/koncert-jagodina-g.j..jpg\"><img loading=\"lazy\" decoding=\"async\" src=\"https:\/\/centralmedia.rs\/wp-content\/uploads\/2016\/06\/koncert-jagodina-g.j.-300x225.jpg\" alt=\"koncert-jagodina-g.j.\" width=\"300\" height=\"225\" class=\"alignnone size-medium wp-image-3346\" srcset=\"https:\/\/centralmedia.rs\/wp-content\/uploads\/2016\/06\/koncert-jagodina-g.j.-300x225.jpg 300w, https:\/\/centralmedia.rs\/wp-content\/uploads\/2016\/06\/koncert-jagodina-g.j.-768x576.jpg 768w, https:\/\/centralmedia.rs\/wp-content\/uploads\/2016\/06\/koncert-jagodina-g.j.-80x60.jpg 80w, https:\/\/centralmedia.rs\/wp-content\/uploads\/2016\/06\/koncert-jagodina-g.j.-265x198.jpg 265w, https:\/\/centralmedia.rs\/wp-content\/uploads\/2016\/06\/koncert-jagodina-g.j..jpg 900w\" sizes=\"(max-width: 300px) 100vw, 300px\" \/><\/a><br \/>\nOd hitova Depeche mode,preko doma\u0107eg EKV i  narodnih evrgrinova Oj Moravo, Igrale se delije, Udade se Jagodo, pa do himne Bo\u017ee pravde, Petrovi\u0107 i njegovi muzi\u010dari uspeli su da naprave pozitivnu atmosferu kakva u Jagodini nije bila decenijama unazad.<a href=\"https:\/\/centralmedia.rs\/wp-content\/uploads\/2016\/06\/koncert-3-jagodina-g.j..jpg\"><img loading=\"lazy\" decoding=\"async\" src=\"https:\/\/centralmedia.rs\/wp-content\/uploads\/2016\/06\/koncert-3-jagodina-g.j.-300x201.jpg\" alt=\"koncert 3-jagodina-g.j.\" width=\"300\" height=\"201\" class=\"alignnone size-medium wp-image-3347\" srcset=\"https:\/\/centralmedia.rs\/wp-content\/uploads\/2016\/06\/koncert-3-jagodina-g.j.-300x201.jpg 300w, https:\/\/centralmedia.rs\/wp-content\/uploads\/2016\/06\/koncert-3-jagodina-g.j.-768x515.jpg 768w, https:\/\/centralmedia.rs\/wp-content\/uploads\/2016\/06\/koncert-3-jagodina-g.j..jpg 900w\" sizes=\"(max-width: 300px) 100vw, 300px\" \/><\/a><br \/>\n-Velika nam je \u010dast da su Petrovi\u0107 i njegove kolege na\u0161i gosti i da su nam poklonili koncert. Ponosi smo i na gra\u0111ane Jagodine i Pomoravlja koji su podr\u017eali obnovu stare zgrade U\u010diteljske \u0161kole. Verujemo u pomo\u0107 grada i dr\u017eave u obnovi \u0161kole, kao i da \u0107emo uspeti da realizujemo na\u0161 cilj, istakao je profesor dr Marko \u0110or\u0111evi\u0107.     <a href=\"https:\/\/centralmedia.rs\/wp-content\/uploads\/2016\/06\/koncert-2-jagodina-g.j..jpg\"><img loading=\"lazy\" decoding=\"async\" src=\"https:\/\/centralmedia.rs\/wp-content\/uploads\/2016\/06\/koncert-2-jagodina-g.j.-300x225.jpg\" alt=\"koncert 2-jagodina-g.j.\" width=\"300\" height=\"225\" class=\"alignnone size-medium wp-image-3348\" srcset=\"https:\/\/centralmedia.rs\/wp-content\/uploads\/2016\/06\/koncert-2-jagodina-g.j.-300x225.jpg 300w, https:\/\/centralmedia.rs\/wp-content\/uploads\/2016\/06\/koncert-2-jagodina-g.j.-768x576.jpg 768w, https:\/\/centralmedia.rs\/wp-content\/uploads\/2016\/06\/koncert-2-jagodina-g.j.-80x60.jpg 80w, https:\/\/centralmedia.rs\/wp-content\/uploads\/2016\/06\/koncert-2-jagodina-g.j.-265x198.jpg 265w, https:\/\/centralmedia.rs\/wp-content\/uploads\/2016\/06\/koncert-2-jagodina-g.j..jpg 900w\" sizes=\"(max-width: 300px) 100vw, 300px\" \/><\/a><br \/>\nPublika je \u0111uskala u ritmu Big benda, aplaudirala i pevala po notama Petrovi\u0107eve trube. Koncert su uveli\u010dali I mali\u0161ani Pred\u0161kolske ustanove Pionir sa svojom plesnom ta\u010dkom. <a href=\"https:\/\/centralmedia.rs\/wp-content\/uploads\/2016\/06\/koncert-4-jagodina-g.j..jpg\"><img loading=\"lazy\" decoding=\"async\" src=\"https:\/\/centralmedia.rs\/wp-content\/uploads\/2016\/06\/koncert-4-jagodina-g.j.-300x225.jpg\" alt=\"koncert 4-jagodina-g.j.\" width=\"300\" height=\"225\" class=\"alignnone size-medium wp-image-3349\" srcset=\"https:\/\/centralmedia.rs\/wp-content\/uploads\/2016\/06\/koncert-4-jagodina-g.j.-300x225.jpg 300w, https:\/\/centralmedia.rs\/wp-content\/uploads\/2016\/06\/koncert-4-jagodina-g.j.-768x576.jpg 768w, https:\/\/centralmedia.rs\/wp-content\/uploads\/2016\/06\/koncert-4-jagodina-g.j.-80x60.jpg 80w, https:\/\/centralmedia.rs\/wp-content\/uploads\/2016\/06\/koncert-4-jagodina-g.j.-265x198.jpg 265w, https:\/\/centralmedia.rs\/wp-content\/uploads\/2016\/06\/koncert-4-jagodina-g.j..jpg 900w\" sizes=\"(max-width: 300px) 100vw, 300px\" \/><\/a><\/p>\n","protected":false},"excerpt":{"rendered":"<p>JAGODINA-Humanitarni koncert za obnovu stare zgrade U\u010diteljske \u0161kole Dejana Petrovi\u0107a i Big benda, sastavljenog od majstora trube i drugih instrumenata, okupio je ve\u010deras vi\u0161e od &hellip; <\/p>\n","protected":false},"author":4,"featured_media":3344,"comment_status":"open","ping_status":"open","sticky":false,"template":"","format":"standard","meta":{"footnotes":""},"categories":[2,15,12],"tags":[865,864,58,866],"_links":{"self":[{"href":"https:\/\/centralmedia.rs\/index.php\/wp-json\/wp\/v2\/posts\/3343"}],"collection":[{"href":"https:\/\/centralmedia.rs\/index.php\/wp-json\/wp\/v2\/posts"}],"about":[{"href":"https:\/\/centralmedia.rs\/index.php\/wp-json\/wp\/v2\/types\/post"}],"author":[{"embeddable":true,"href":"https:\/\/centralmedia.rs\/index.php\/wp-json\/wp\/v2\/users\/4"}],"replies":[{"embeddable":true,"href":"https:\/\/centralmedia.rs\/index.php\/wp-json\/wp\/v2\/comments?post=3343"}],"version-history":[{"count":0,"href":"https:\/\/centralmedia.rs\/index.php\/wp-json\/wp\/v2\/posts\/3343\/revisions"}],"wp:featuredmedia":[{"embeddable":true,"href":"https:\/\/centralmedia.rs\/index.php\/wp-json\/wp\/v2\/media\/3344"}],"wp:attachment":[{"href":"https:\/\/centralmedia.rs\/index.php\/wp-json\/wp\/v2\/media?parent=3343"}],"wp:term":[{"taxonomy":"category","embeddable":true,"href":"https:\/\/centralmedia.rs\/index.php\/wp-json\/wp\/v2\/categories?post=3343"},{"taxonomy":"post_tag","embeddable":true,"href":"https:\/\/centralmedia.rs\/index.php\/wp-json\/wp\/v2\/tags?post=3343"}],"curies":[{"name":"wp","href":"https:\/\/api.w.org\/{rel}","templated":true}]}}