{"id":33431,"date":"2022-08-09T17:22:18","date_gmt":"2022-08-09T15:22:18","guid":{"rendered":"http:\/\/centralmedia.rs\/?p=33431"},"modified":"2022-11-18T17:22:31","modified_gmt":"2022-11-18T16:22:31","slug":"tropiko-bend-koncert-u-srcu-cajetine","status":"publish","type":"post","link":"https:\/\/centralmedia.rs\/index.php\/2022\/08\/09\/tropiko-bend-koncert-u-srcu-cajetine\/","title":{"rendered":"&#8220;Tropiko bend&#8221;: Koncert u srcu \u010cajetine"},"content":{"rendered":"<p>U organizaciji Kulturnog centra \u010cajetina, a pod pokroviteljstvom Op\u0161tine, sino\u0107 je u Starom parku u srcu ove varo\u0161i odr\u017ean koncert Tropiko benda. Mnogobrojna publika, me\u0111u kojima je najvi\u0161e bilo mladih, imala je priliku da \u010duje najnovije pesme ovog benda koji \u0107e uskoro izdati svoj \u0161esti studijski album.<\/p>\n<div id='gallery-1' class='gallery galleryid-33431 gallery-columns-3 gallery-size-thumbnail'><figure class='gallery-item'>\n\t\t\t<div class='gallery-icon landscape'>\n\t\t\t\t<a href='https:\/\/centralmedia.rs\/index.php\/2022\/08\/09\/tropiko-bend-koncert-u-srcu-cajetine\/tropikobend2\/'><img loading=\"lazy\" decoding=\"async\" width=\"150\" height=\"150\" src=\"https:\/\/centralmedia.rs\/wp-content\/uploads\/2022\/11\/Tropikobend2-150x150.jpg\" class=\"attachment-thumbnail size-thumbnail\" alt=\"\" \/><\/a>\n\t\t\t<\/div><\/figure><figure class='gallery-item'>\n\t\t\t<div class='gallery-icon landscape'>\n\t\t\t\t<a href='https:\/\/centralmedia.rs\/index.php\/2022\/08\/09\/tropiko-bend-koncert-u-srcu-cajetine\/tropikobend1\/'><img loading=\"lazy\" decoding=\"async\" width=\"150\" height=\"150\" src=\"https:\/\/centralmedia.rs\/wp-content\/uploads\/2022\/11\/Tropikobend1-150x150.jpg\" class=\"attachment-thumbnail size-thumbnail\" alt=\"\" \/><\/a>\n\t\t\t<\/div><\/figure><figure class='gallery-item'>\n\t\t\t<div class='gallery-icon landscape'>\n\t\t\t\t<a href='https:\/\/centralmedia.rs\/index.php\/2022\/08\/09\/tropiko-bend-koncert-u-srcu-cajetine\/tropikobend\/'><img loading=\"lazy\" decoding=\"async\" width=\"150\" height=\"150\" src=\"https:\/\/centralmedia.rs\/wp-content\/uploads\/2022\/11\/Tropikobend-150x150.jpg\" class=\"attachment-thumbnail size-thumbnail\" alt=\"\" \/><\/a>\n\t\t\t<\/div><\/figure>\n\t\t<\/div>\n\n<p>&nbsp;<\/p>\n<p>Tropiko bend je nastupao u \u010dajetinskoj op\u0161tini u okviru Kulturnog leta 2015. godine na Kraljevom trgu na Zlatiboru, a sino\u0107 je publika ponovo imala priliku da sa njima podeli dobru energiju\u00a0 u srcu \u010cajetine, u\u017eivaju\u0107i u starim i novim hitovima.<\/p>\n<p>&#8220;Godinama prolazimo, ali nikad nas put nije naveo da do\u0111emo u \u010cajetinu. Jako je lepo mesto i \u017eao mi je \u0161to nemamo malo vi\u0161e vremena da je obi\u0111emo, da se malo podru\u017eimo sa ljudima, ali evo, dru\u017ei\u0107emo se ve\u010deras ovako, na koncertu. \u010cast nam je i zadovoljstvo da smo ve\u010deras u \u010cajetini i napravi\u0107emo super \u017eurku&#8221;, rekao je za &#8220;Zlatibor pres&#8221; Aleksandar Cvetkovi\u0107 -Sale.<\/p>\n<p>Od svog nastanka 2000-te godine do danas, ovaj bend je polako ali permanentno osvajao publiku svojim hitovima kao \u0161to su: Nemoj tako, Sedativ, Ako pre\u017eivim da te prebolim, Veruj bratu, Paranoja, Neko tre\u0107i, \u0160ta \u0107u tebi ja, \u0106ao bela, Ne zovi, Vino&#8230; U zavr\u0161noj fazi je novi studijski album, a novu pesmu sino\u0107 je imala priliku da \u010duje \u010dajetinska publika.<\/p>\n<p>&#8220;Mi smo sada pri kraju zavr\u0161etka na\u0161eg \u0161estog studijskog albuma. Pre dvadesetak dana smo izdali pesmu pod nazivom &#8220;Veto&#8221; i to je ne\u0161to najnovije \u0161to smo ponudili na\u0161oj dragoj publici. Pesma jako dobro prolazi kod njih. Radujem se \u0161to \u0107e album iza\u0107i za neka dva meseca\u00a0 i koncertima koji su pred nama, kao i ve\u010dera\u0161njem, tako da je to ne\u0161to \u0161to je najlep\u0161e \u0161to nam se de\u0161ava, a trudimo se da svakog dana pravimo lepe stvari.&#8221;<\/p>\n<p>Nakon svog pojavljivanja u \u017eiriju Pinkove zvezdice, Aleksandar sve vi\u0161e dobija pa\u017enju i najmla\u0111e publike, &#8220;Mi smo jako sre\u0107ni jer imamo publiku od dve do 102 godine&#8221;, sa osmehom ka\u017ee Sale. &#8220;Deca su ne\u0161to najlep\u0161e i naj\u010distije i kada od njih dobijete povratnu energiju to je i uzvi\u0161eno i lepo, a \u0161to vi\u0161e omladine u publici to je bolje za sve nas, jer to je energija koja nosi.&#8221;<\/p>\n<p>Na kraju koncerta, Tropiko bend se zahvalio Kulturnom centru \u010cajetina na dobroj organizaciji koncerta, i \u010dajetinskoj publici na pozitivnoj atmosferi i dobrim vibracijama.<\/p>\n<p>&nbsp;<\/p>\n","protected":false},"excerpt":{"rendered":"<p>U organizaciji Kulturnog centra \u010cajetina, a pod pokroviteljstvom Op\u0161tine, sino\u0107 je u Starom parku u srcu ove varo\u0161i odr\u017ean koncert Tropiko benda. Mnogobrojna publika, me\u0111u &hellip; <\/p>\n","protected":false},"author":2,"featured_media":33432,"comment_status":"open","ping_status":"open","sticky":false,"template":"","format":"standard","meta":{"footnotes":""},"categories":[2875,5787,1524,2,23,887,3055],"tags":[2762,6042],"_links":{"self":[{"href":"https:\/\/centralmedia.rs\/index.php\/wp-json\/wp\/v2\/posts\/33431"}],"collection":[{"href":"https:\/\/centralmedia.rs\/index.php\/wp-json\/wp\/v2\/posts"}],"about":[{"href":"https:\/\/centralmedia.rs\/index.php\/wp-json\/wp\/v2\/types\/post"}],"author":[{"embeddable":true,"href":"https:\/\/centralmedia.rs\/index.php\/wp-json\/wp\/v2\/users\/2"}],"replies":[{"embeddable":true,"href":"https:\/\/centralmedia.rs\/index.php\/wp-json\/wp\/v2\/comments?post=33431"}],"version-history":[{"count":1,"href":"https:\/\/centralmedia.rs\/index.php\/wp-json\/wp\/v2\/posts\/33431\/revisions"}],"predecessor-version":[{"id":33435,"href":"https:\/\/centralmedia.rs\/index.php\/wp-json\/wp\/v2\/posts\/33431\/revisions\/33435"}],"wp:featuredmedia":[{"embeddable":true,"href":"https:\/\/centralmedia.rs\/index.php\/wp-json\/wp\/v2\/media\/33432"}],"wp:attachment":[{"href":"https:\/\/centralmedia.rs\/index.php\/wp-json\/wp\/v2\/media?parent=33431"}],"wp:term":[{"taxonomy":"category","embeddable":true,"href":"https:\/\/centralmedia.rs\/index.php\/wp-json\/wp\/v2\/categories?post=33431"},{"taxonomy":"post_tag","embeddable":true,"href":"https:\/\/centralmedia.rs\/index.php\/wp-json\/wp\/v2\/tags?post=33431"}],"curies":[{"name":"wp","href":"https:\/\/api.w.org\/{rel}","templated":true}]}}