{"id":33445,"date":"2022-09-26T23:39:10","date_gmt":"2022-09-26T21:39:10","guid":{"rendered":"http:\/\/centralmedia.rs\/?p=33445"},"modified":"2022-11-18T23:39:42","modified_gmt":"2022-11-18T22:39:42","slug":"gold-gondola-obelezila-svetski-dan-cistih-planina","status":"publish","type":"post","link":"https:\/\/centralmedia.rs\/index.php\/2022\/09\/26\/gold-gondola-obelezila-svetski-dan-cistih-planina\/","title":{"rendered":"Gold gondola obele\u017eila Svetski dan \u010distih planina"},"content":{"rendered":"<p>Pod sloganom \u201cUdru\u017eeno za \u010distije planine\u201d, zlatiborska \u201eGold Gondola\u201d danas je obele\u017eila Svetski dan \u010distih planina akcijom prikupljanja otpada na delu trase gondole koju su podr\u017eala javna preduze\u0107a i ustanove sa Zlatibora i iz \u010cajetine.<\/p>\n<div id='gallery-1' class='gallery galleryid-33445 gallery-columns-5 gallery-size-thumbnail'><figure class='gallery-item'>\n\t\t\t<div class='gallery-icon landscape'>\n\t\t\t\t<a href='https:\/\/centralmedia.rs\/index.php\/2022\/09\/26\/gold-gondola-obelezila-svetski-dan-cistih-planina\/gondolaakcija2\/'><img loading=\"lazy\" decoding=\"async\" width=\"150\" height=\"150\" src=\"https:\/\/centralmedia.rs\/wp-content\/uploads\/2022\/11\/Gondolaakcija2-150x150.jpg\" class=\"attachment-thumbnail size-thumbnail\" alt=\"\" \/><\/a>\n\t\t\t<\/div><\/figure><figure class='gallery-item'>\n\t\t\t<div class='gallery-icon landscape'>\n\t\t\t\t<a href='https:\/\/centralmedia.rs\/index.php\/2022\/09\/26\/gold-gondola-obelezila-svetski-dan-cistih-planina\/gondolaakcija3\/'><img loading=\"lazy\" decoding=\"async\" width=\"150\" height=\"150\" src=\"https:\/\/centralmedia.rs\/wp-content\/uploads\/2022\/11\/Gondolaakcija3-150x150.jpg\" class=\"attachment-thumbnail size-thumbnail\" alt=\"\" \/><\/a>\n\t\t\t<\/div><\/figure><figure class='gallery-item'>\n\t\t\t<div class='gallery-icon landscape'>\n\t\t\t\t<a href='https:\/\/centralmedia.rs\/index.php\/2022\/09\/26\/gold-gondola-obelezila-svetski-dan-cistih-planina\/gondolaakcija5\/'><img loading=\"lazy\" decoding=\"async\" width=\"150\" height=\"150\" src=\"https:\/\/centralmedia.rs\/wp-content\/uploads\/2022\/11\/Gondolaakcija5-150x150.jpg\" class=\"attachment-thumbnail size-thumbnail\" alt=\"\" \/><\/a>\n\t\t\t<\/div><\/figure><figure class='gallery-item'>\n\t\t\t<div class='gallery-icon landscape'>\n\t\t\t\t<a href='https:\/\/centralmedia.rs\/index.php\/2022\/09\/26\/gold-gondola-obelezila-svetski-dan-cistih-planina\/gondolaakcija6\/'><img loading=\"lazy\" decoding=\"async\" width=\"150\" height=\"150\" src=\"https:\/\/centralmedia.rs\/wp-content\/uploads\/2022\/11\/Gondolaakcija6-150x150.jpg\" class=\"attachment-thumbnail size-thumbnail\" alt=\"\" \/><\/a>\n\t\t\t<\/div><\/figure><figure class='gallery-item'>\n\t\t\t<div class='gallery-icon landscape'>\n\t\t\t\t<a href='https:\/\/centralmedia.rs\/index.php\/2022\/09\/26\/gold-gondola-obelezila-svetski-dan-cistih-planina\/gondolaakcija\/'><img loading=\"lazy\" decoding=\"async\" width=\"150\" height=\"150\" src=\"https:\/\/centralmedia.rs\/wp-content\/uploads\/2022\/11\/Gondolaakcija-150x150.jpg\" class=\"attachment-thumbnail size-thumbnail\" alt=\"\" \/><\/a>\n\t\t\t<\/div><\/figure>\n\t\t<\/div>\n\n<p>U\u010desnici su na Torniku sakupljali otpad, na me\u0111ustanici je rasklonjeno granje, a deca iz ekolo\u0161ke sekcije O\u0160 \u201cDimitrije Tucovi\u0107\u201d i KK \u201cRujno\u201d su posadila tuje, lukovice i ukrasno bilje.<\/p>\n<p>&#8211; Sa \u017eeljom da simboli\u010dno poka\u017eemo koliko vodimo ra\u010duna o prirodi i da okolina koju nudimo turistima bude \u010dista, obele\u017eili smo ovaj dan. Svi mi, koji smo u\u010destvovali u ovoj akciji \u010di\u0161\u0107enja ,predstavili smo javnosti kakva nam je svest o za\u0161titi \u017eivotne sredine. Mi to ne radimo samo danas, ve\u0107 o tome svakodnevno vodimo ra\u010duna sa \u017eeljom da te navike prenesemo i na posetioce Zlatibora , naro\u010dito sada kada je po\u010dela primarna selekcija otpada u Op\u0161tini \u010cajetina &#8211; rekla je direktorka JP \u201cGold gondola Zlatibor\u201d Bojana Bo\u017eani\u0107.<\/p>\n<p>U akciji organizovanog \u010di\u0161\u0107enja, pored dece, u\u010destvovali su prijatelji i saradnici Gold gondole: TRK \u201eZlatibor\u201d, TO \u201eZlatibor\u201d, KC \u201e\u010cajetina\u201d, EKO Agrar, KJP \u201eZlatibor\u201d, JKP \u201eVodovod Zlatibor\u201d, Biblioteka \u201eLjubi\u0161a R. \u0110eni\u0107\u201d i Op\u0161tina \u010cajetina.<\/p>\n<p>Ovaj dan obele\u017eava se sa ciljem ja\u010danja svesti o zna\u010daju planina, kao i isticanja mogu\u0107nosti i ograni\u010denja ka njihovom o\u010duvanju. U skladu sa tim, \u0161irom sveta se odr\u017eavaju razne ekolo\u0161ke akcije \u010di\u0161\u0107enja, posete prirodi, planinarenja, istra\u017eivanja, \u0161etnje i sli\u010dno. Svetski dan \u010distih planina nas podse\u0107a koliko je va\u017eno da brinemo o prirodi i njenim raznolikostima.<\/p>\n","protected":false},"excerpt":{"rendered":"<p>Pod sloganom \u201cUdru\u017eeno za \u010distije planine\u201d, zlatiborska \u201eGold Gondola\u201d danas je obele\u017eila Svetski dan \u010distih planina akcijom prikupljanja otpada na delu trase gondole koju su &hellip; <\/p>\n","protected":false},"author":2,"featured_media":33446,"comment_status":"open","ping_status":"open","sticky":false,"template":"","format":"standard","meta":{"footnotes":""},"categories":[2875,5787,1524,2,887,16,12],"tags":[2762,5446],"_links":{"self":[{"href":"https:\/\/centralmedia.rs\/index.php\/wp-json\/wp\/v2\/posts\/33445"}],"collection":[{"href":"https:\/\/centralmedia.rs\/index.php\/wp-json\/wp\/v2\/posts"}],"about":[{"href":"https:\/\/centralmedia.rs\/index.php\/wp-json\/wp\/v2\/types\/post"}],"author":[{"embeddable":true,"href":"https:\/\/centralmedia.rs\/index.php\/wp-json\/wp\/v2\/users\/2"}],"replies":[{"embeddable":true,"href":"https:\/\/centralmedia.rs\/index.php\/wp-json\/wp\/v2\/comments?post=33445"}],"version-history":[{"count":1,"href":"https:\/\/centralmedia.rs\/index.php\/wp-json\/wp\/v2\/posts\/33445\/revisions"}],"predecessor-version":[{"id":33451,"href":"https:\/\/centralmedia.rs\/index.php\/wp-json\/wp\/v2\/posts\/33445\/revisions\/33451"}],"wp:featuredmedia":[{"embeddable":true,"href":"https:\/\/centralmedia.rs\/index.php\/wp-json\/wp\/v2\/media\/33446"}],"wp:attachment":[{"href":"https:\/\/centralmedia.rs\/index.php\/wp-json\/wp\/v2\/media?parent=33445"}],"wp:term":[{"taxonomy":"category","embeddable":true,"href":"https:\/\/centralmedia.rs\/index.php\/wp-json\/wp\/v2\/categories?post=33445"},{"taxonomy":"post_tag","embeddable":true,"href":"https:\/\/centralmedia.rs\/index.php\/wp-json\/wp\/v2\/tags?post=33445"}],"curies":[{"name":"wp","href":"https:\/\/api.w.org\/{rel}","templated":true}]}}