{"id":33501,"date":"2022-11-25T23:35:53","date_gmt":"2022-11-25T22:35:53","guid":{"rendered":"http:\/\/centralmedia.rs\/?p=33501"},"modified":"2022-11-30T23:50:47","modified_gmt":"2022-11-30T22:50:47","slug":"studenti-fakulteta-pedagoskih-nauka-u-jagodini-na-slavi-manastira-vracevsnica","status":"publish","type":"post","link":"https:\/\/centralmedia.rs\/index.php\/2022\/11\/25\/studenti-fakulteta-pedagoskih-nauka-u-jagodini-na-slavi-manastira-vracevsnica\/","title":{"rendered":"STUDENTI FAKULTETA PEDAGO\u0160KIH NAUKA U JAGODINI NA SLAVI MANASTIRA VRA\u0106EV\u0160NICA"},"content":{"rendered":"<p>Proslava praznika Obnovljenja Hrama Svetog velikomu\u010denika Georgija (\u0110ur\u0111ic) u Manastiru Vra\u0107ev\u0161nici po\u010dela je Svetom arhijerejskom liturgijom koju je slu\u017eio Vladika \u017ei\u010dki Gospodin Justin na dan manastirske slave 16. novembra, a zavr\u0161ena je sve\u010danim programom otvaranja spomen-sobe posve\u0107ene mati Ani Ad\u017ei\u0107 i njenom ocu, pedagogu Sretenu Ad\u017ei\u0107u, koji su priredili studenti Fakulteta pedago\u0161kih nauka u Jagodini, kao i Muzej rudni\u010dko-takovskog kraja iz Gornjeg Milanovca, uz pomo\u0107 sestrinstva. Vladika Justin je sve\u010dano otvorio spomen-sobu za javnost i tom prilikom se i sam upoznao sa mnogobrojnim izlo\u017eenim predmetima, dokumentima, prepiskom i gra\u0111om koju \u0107e posetioci manastira ubudu\u0107e mo\u0107i da pogledaju.<\/p>\n<p>Po zavr\u0161etku Svete liturgije i sve\u010danog programa, pripremljena je trpeza ljubavi za sve prisutne.<\/p>\n<div id='gallery-1' class='gallery galleryid-33501 gallery-columns-8 gallery-size-thumbnail'><figure class='gallery-item'>\n\t\t\t<div class='gallery-icon landscape'>\n\t\t\t\t<a href='https:\/\/centralmedia.rs\/index.php\/2022\/11\/25\/studenti-fakulteta-pedagoskih-nauka-u-jagodini-na-slavi-manastira-vracevsnica\/manstir-vracevsnica\/'><img loading=\"lazy\" decoding=\"async\" width=\"150\" height=\"150\" src=\"https:\/\/centralmedia.rs\/wp-content\/uploads\/2022\/11\/manstir-vracevsnica-150x150.jpg\" class=\"attachment-thumbnail size-thumbnail\" alt=\"\" \/><\/a>\n\t\t\t<\/div><\/figure><figure class='gallery-item'>\n\t\t\t<div class='gallery-icon landscape'>\n\t\t\t\t<a href='https:\/\/centralmedia.rs\/index.php\/2022\/11\/25\/studenti-fakulteta-pedagoskih-nauka-u-jagodini-na-slavi-manastira-vracevsnica\/manstir-vracevsnica1\/'><img loading=\"lazy\" decoding=\"async\" width=\"150\" height=\"150\" src=\"https:\/\/centralmedia.rs\/wp-content\/uploads\/2022\/11\/manstir-vracevsnica1-150x150.jpg\" class=\"attachment-thumbnail size-thumbnail\" alt=\"\" \/><\/a>\n\t\t\t<\/div><\/figure><figure class='gallery-item'>\n\t\t\t<div class='gallery-icon landscape'>\n\t\t\t\t<a href='https:\/\/centralmedia.rs\/index.php\/2022\/11\/25\/studenti-fakulteta-pedagoskih-nauka-u-jagodini-na-slavi-manastira-vracevsnica\/manstir-vracevsnica2\/'><img loading=\"lazy\" decoding=\"async\" width=\"150\" height=\"150\" src=\"https:\/\/centralmedia.rs\/wp-content\/uploads\/2022\/11\/manstir-vracevsnica2-150x150.jpg\" class=\"attachment-thumbnail size-thumbnail\" alt=\"\" \/><\/a>\n\t\t\t<\/div><\/figure><figure class='gallery-item'>\n\t\t\t<div class='gallery-icon landscape'>\n\t\t\t\t<a href='https:\/\/centralmedia.rs\/index.php\/2022\/11\/25\/studenti-fakulteta-pedagoskih-nauka-u-jagodini-na-slavi-manastira-vracevsnica\/manstir-vracevsnica3\/'><img loading=\"lazy\" decoding=\"async\" width=\"150\" height=\"150\" src=\"https:\/\/centralmedia.rs\/wp-content\/uploads\/2022\/11\/manstir-vracevsnica3-150x150.jpg\" class=\"attachment-thumbnail size-thumbnail\" alt=\"\" \/><\/a>\n\t\t\t<\/div><\/figure><figure class='gallery-item'>\n\t\t\t<div class='gallery-icon landscape'>\n\t\t\t\t<a href='https:\/\/centralmedia.rs\/index.php\/2022\/11\/25\/studenti-fakulteta-pedagoskih-nauka-u-jagodini-na-slavi-manastira-vracevsnica\/manstir-vracevsnica4\/'><img loading=\"lazy\" decoding=\"async\" width=\"150\" height=\"150\" src=\"https:\/\/centralmedia.rs\/wp-content\/uploads\/2022\/11\/manstir-vracevsnica4-150x150.jpg\" class=\"attachment-thumbnail size-thumbnail\" alt=\"\" \/><\/a>\n\t\t\t<\/div><\/figure><figure class='gallery-item'>\n\t\t\t<div class='gallery-icon landscape'>\n\t\t\t\t<a href='https:\/\/centralmedia.rs\/index.php\/2022\/11\/25\/studenti-fakulteta-pedagoskih-nauka-u-jagodini-na-slavi-manastira-vracevsnica\/manstir-vracevsnica5\/'><img loading=\"lazy\" decoding=\"async\" width=\"150\" height=\"150\" src=\"https:\/\/centralmedia.rs\/wp-content\/uploads\/2022\/11\/manstir-vracevsnica5-150x150.jpg\" class=\"attachment-thumbnail size-thumbnail\" alt=\"\" \/><\/a>\n\t\t\t<\/div><\/figure><figure class='gallery-item'>\n\t\t\t<div class='gallery-icon landscape'>\n\t\t\t\t<a href='https:\/\/centralmedia.rs\/index.php\/2022\/11\/25\/studenti-fakulteta-pedagoskih-nauka-u-jagodini-na-slavi-manastira-vracevsnica\/manstir-vracevsnica6\/'><img loading=\"lazy\" decoding=\"async\" width=\"150\" height=\"150\" src=\"https:\/\/centralmedia.rs\/wp-content\/uploads\/2022\/11\/manstir-vracevsnica6-150x150.jpg\" class=\"attachment-thumbnail size-thumbnail\" alt=\"\" \/><\/a>\n\t\t\t<\/div><\/figure><figure class='gallery-item'>\n\t\t\t<div class='gallery-icon landscape'>\n\t\t\t\t<a href='https:\/\/centralmedia.rs\/index.php\/2022\/11\/25\/studenti-fakulteta-pedagoskih-nauka-u-jagodini-na-slavi-manastira-vracevsnica\/manstir-vracevsnica7\/'><img loading=\"lazy\" decoding=\"async\" width=\"150\" height=\"150\" src=\"https:\/\/centralmedia.rs\/wp-content\/uploads\/2022\/11\/manstir-vracevsnica7-150x150.jpg\" class=\"attachment-thumbnail size-thumbnail\" alt=\"\" \/><\/a>\n\t\t\t<\/div><\/figure>\n\t\t<\/div>\n\n","protected":false},"excerpt":{"rendered":"<p>Proslava praznika Obnovljenja Hrama Svetog velikomu\u010denika Georgija (\u0110ur\u0111ic) u Manastiru Vra\u0107ev\u0161nici po\u010dela je Svetom arhijerejskom liturgijom koju je slu\u017eio Vladika \u017ei\u010dki Gospodin Justin na dan &hellip; <\/p>\n","protected":false},"author":2,"featured_media":33502,"comment_status":"open","ping_status":"open","sticky":false,"template":"","format":"standard","meta":{"footnotes":""},"categories":[14,1524,2,5643,1514,887,12],"tags":[2531,4260],"_links":{"self":[{"href":"https:\/\/centralmedia.rs\/index.php\/wp-json\/wp\/v2\/posts\/33501"}],"collection":[{"href":"https:\/\/centralmedia.rs\/index.php\/wp-json\/wp\/v2\/posts"}],"about":[{"href":"https:\/\/centralmedia.rs\/index.php\/wp-json\/wp\/v2\/types\/post"}],"author":[{"embeddable":true,"href":"https:\/\/centralmedia.rs\/index.php\/wp-json\/wp\/v2\/users\/2"}],"replies":[{"embeddable":true,"href":"https:\/\/centralmedia.rs\/index.php\/wp-json\/wp\/v2\/comments?post=33501"}],"version-history":[{"count":1,"href":"https:\/\/centralmedia.rs\/index.php\/wp-json\/wp\/v2\/posts\/33501\/revisions"}],"predecessor-version":[{"id":33511,"href":"https:\/\/centralmedia.rs\/index.php\/wp-json\/wp\/v2\/posts\/33501\/revisions\/33511"}],"wp:featuredmedia":[{"embeddable":true,"href":"https:\/\/centralmedia.rs\/index.php\/wp-json\/wp\/v2\/media\/33502"}],"wp:attachment":[{"href":"https:\/\/centralmedia.rs\/index.php\/wp-json\/wp\/v2\/media?parent=33501"}],"wp:term":[{"taxonomy":"category","embeddable":true,"href":"https:\/\/centralmedia.rs\/index.php\/wp-json\/wp\/v2\/categories?post=33501"},{"taxonomy":"post_tag","embeddable":true,"href":"https:\/\/centralmedia.rs\/index.php\/wp-json\/wp\/v2\/tags?post=33501"}],"curies":[{"name":"wp","href":"https:\/\/api.w.org\/{rel}","templated":true}]}}