{"id":33513,"date":"2022-10-07T11:14:22","date_gmt":"2022-10-07T09:14:22","guid":{"rendered":"http:\/\/centralmedia.rs\/?p=33513"},"modified":"2022-11-23T11:44:37","modified_gmt":"2022-11-23T10:44:37","slug":"agro-biznis-centar-primer-za-celu-srbiju","status":"publish","type":"post","link":"https:\/\/centralmedia.rs\/index.php\/2022\/10\/07\/agro-biznis-centar-primer-za-celu-srbiju\/","title":{"rendered":"Agro biznis centar, primer za celu Srbiju"},"content":{"rendered":"<p>&#8211; Op\u0161tina \u010cajetina sa\u00a0 16 hiljada stanovnika, od kojih oko 65 odsto predstavlja seoski \u017eivalj, ima oko dve hiljade registrovanih poljoprivrednih gazdinstava. To je brojka koja varira, ali oko hiljadu gazdinstava je, uslovno re\u010deno, aktivno, odnosno ima ulaganja. Op\u0161tina \u010cajetina svake godine opredeljuje vrlo ozbiljan bud\u017eet za direktne podsticaje u poljoprivrednoj proizvodnji, tako da smo ove godine, kao i prethodnih, na raspolaganju imali nekih 40 miliona dinara koji \u0107e biti realizovani kroz tri javna poziva, od kojih \u0107e poslednji biti zavr\u0161en do sredine novembra. To potvr\u0111uje da su mere tj. direktni podsticaji dobro opredeljeni, a da proizvo\u0111a\u010di \u017eive u selima i da ula\u017eu u svoja gazdinstva &#8211; izjavio je Marko Mari\u0107, direktor Zlatiborskog eko agrara<\/p>\n<p>Mislim da \u0107e i naredne godine agrarni bud\u017eet biti u istom obimu, podvukao je Mari\u0107, a posebno bih pomenuo investicioni deo bud\u017eeta odnosno sve ono \u0161to radimo u cilju formiranja budu\u0107eg Agro biznis centra, \u010dija \u0107e lokacija biti u Krivoj Reci.<\/p>\n<p>Nabavljena je mehanizacija sa svim propratnim ma\u0161inama adekvatna za zlatiborsko brdsko-planinsko podru\u010dje, koja stoji na raspolaganju svim stanovnicima op\u0161tine kojima je to potrebno i to po subvencionisanim cenama. Projekat Agro biznis centra na teritoriji op\u0161tine \u010cajetina je jedna inovacija u Srbiji, odnosno za sada je to jedini projekat tog tipa na teritoriji cele dr\u017eave.<\/p>\n<p>Imali smo pozive koje smo uspe\u0161no realizovali i od poljoprivrednika sa teritorije okolnih op\u0161tina, i mogu re\u0107i da posedujemo stru\u010dan kadar\u00a0 koji kao savetodavci ili konsultanti mogu dati preporuku za na\u010din obrade zemlje, za izbor semena, za ustanovljavanje plodoreda, za izbor sorti. Sa strane struke postoji mogu\u0107nost da svaki zahtev realizujemo i sa operativne i sa strane upotrebe mehanizacije, zaklju\u010dio je direktor Zlatiborskog eko agrara Marko Mari\u0107.<\/p>\n","protected":false},"excerpt":{"rendered":"<p>&#8211; Op\u0161tina \u010cajetina sa\u00a0 16 hiljada stanovnika, od kojih oko 65 odsto predstavlja seoski \u017eivalj, ima oko dve hiljade registrovanih poljoprivrednih gazdinstava. To je brojka &hellip; <\/p>\n","protected":false},"author":2,"featured_media":33514,"comment_status":"open","ping_status":"open","sticky":false,"template":"","format":"standard","meta":{"footnotes":""},"categories":[22,2875,5787,1524,2,887,12],"tags":[6057,2762],"_links":{"self":[{"href":"https:\/\/centralmedia.rs\/index.php\/wp-json\/wp\/v2\/posts\/33513"}],"collection":[{"href":"https:\/\/centralmedia.rs\/index.php\/wp-json\/wp\/v2\/posts"}],"about":[{"href":"https:\/\/centralmedia.rs\/index.php\/wp-json\/wp\/v2\/types\/post"}],"author":[{"embeddable":true,"href":"https:\/\/centralmedia.rs\/index.php\/wp-json\/wp\/v2\/users\/2"}],"replies":[{"embeddable":true,"href":"https:\/\/centralmedia.rs\/index.php\/wp-json\/wp\/v2\/comments?post=33513"}],"version-history":[{"count":1,"href":"https:\/\/centralmedia.rs\/index.php\/wp-json\/wp\/v2\/posts\/33513\/revisions"}],"predecessor-version":[{"id":33515,"href":"https:\/\/centralmedia.rs\/index.php\/wp-json\/wp\/v2\/posts\/33513\/revisions\/33515"}],"wp:featuredmedia":[{"embeddable":true,"href":"https:\/\/centralmedia.rs\/index.php\/wp-json\/wp\/v2\/media\/33514"}],"wp:attachment":[{"href":"https:\/\/centralmedia.rs\/index.php\/wp-json\/wp\/v2\/media?parent=33513"}],"wp:term":[{"taxonomy":"category","embeddable":true,"href":"https:\/\/centralmedia.rs\/index.php\/wp-json\/wp\/v2\/categories?post=33513"},{"taxonomy":"post_tag","embeddable":true,"href":"https:\/\/centralmedia.rs\/index.php\/wp-json\/wp\/v2\/tags?post=33513"}],"curies":[{"name":"wp","href":"https:\/\/api.w.org\/{rel}","templated":true}]}}