{"id":33560,"date":"2022-10-07T23:34:55","date_gmt":"2022-10-07T21:34:55","guid":{"rendered":"http:\/\/centralmedia.rs\/?p=33560"},"modified":"2022-11-23T23:35:17","modified_gmt":"2022-11-23T22:35:17","slug":"predstavnici-ucenickih-parlamenata-u-poseti-skupstini-opstine-cajetina","status":"publish","type":"post","link":"https:\/\/centralmedia.rs\/index.php\/2022\/10\/07\/predstavnici-ucenickih-parlamenata-u-poseti-skupstini-opstine-cajetina\/","title":{"rendered":"Predstavnici u\u010deni\u010dkih parlamenata u poseti Skup\u0161tini op\u0161tine \u010cajetina"},"content":{"rendered":"<p>&#8211; U\u010denici, \u010dlanovi u\u010deni\u010dkih parlamenata osnovnih \u0161kola sa teritorije op\u0161tine \u010cajetina, posetili su u okviru De\u010dije nedelje lokalni parlament gde ih je predsednik Skup\u0161tine op\u0161tine \u010cajetina Arsen \u0110uri\u0107 upoznao sa na\u010dinom rada ovog op\u0161tinskog organa i istovremeno saslu\u0161ao njihove predloge i inicijative u cilju pobolj\u0161anja uslova za rad \u0111aka u svojim \u0161kolama.<\/p>\n<div id='gallery-1' class='gallery galleryid-33560 gallery-columns-3 gallery-size-thumbnail'><figure class='gallery-item'>\n\t\t\t<div class='gallery-icon landscape'>\n\t\t\t\t<a href='https:\/\/centralmedia.rs\/index.php\/2022\/10\/07\/predstavnici-ucenickih-parlamenata-u-poseti-skupstini-opstine-cajetina\/parlament1\/'><img loading=\"lazy\" decoding=\"async\" width=\"150\" height=\"150\" src=\"https:\/\/centralmedia.rs\/wp-content\/uploads\/2022\/11\/parlament1-150x150.jpg\" class=\"attachment-thumbnail size-thumbnail\" alt=\"\" \/><\/a>\n\t\t\t<\/div><\/figure><figure class='gallery-item'>\n\t\t\t<div class='gallery-icon landscape'>\n\t\t\t\t<a href='https:\/\/centralmedia.rs\/index.php\/2022\/10\/07\/predstavnici-ucenickih-parlamenata-u-poseti-skupstini-opstine-cajetina\/parlament2\/'><img loading=\"lazy\" decoding=\"async\" width=\"150\" height=\"150\" src=\"https:\/\/centralmedia.rs\/wp-content\/uploads\/2022\/11\/parlament2-150x150.jpg\" class=\"attachment-thumbnail size-thumbnail\" alt=\"\" \/><\/a>\n\t\t\t<\/div><\/figure><figure class='gallery-item'>\n\t\t\t<div class='gallery-icon landscape'>\n\t\t\t\t<a href='https:\/\/centralmedia.rs\/index.php\/2022\/10\/07\/predstavnici-ucenickih-parlamenata-u-poseti-skupstini-opstine-cajetina\/parlament3\/'><img loading=\"lazy\" decoding=\"async\" width=\"150\" height=\"150\" src=\"https:\/\/centralmedia.rs\/wp-content\/uploads\/2022\/11\/parlament3-150x150.jpg\" class=\"attachment-thumbnail size-thumbnail\" alt=\"\" \/><\/a>\n\t\t\t<\/div><\/figure>\n\t\t<\/div>\n\n<p>I ove godine kao i svih prethodnih, istakao je \u0110uri\u0107, uprili\u010dili smo posetu Op\u0161tini \u010dlanova svih u\u010deni\u010dkih parlamenata osnovnih \u0161kola sa teritorije op\u0161tine \u010cajetina, i tom prilikom ih upoznali sa na\u010dinom funkcionisanja lokalne skup\u0161tine ali i svih ostalih op\u0161tinskih organa. Izlo\u017eili smo im koje su to osnovne aktivnosti i delatnosti koje radi op\u0161tina kao lokalna samouprava, a onda su u\u010denici postavljali svoja pitanja, predloge i sugestije.<\/p>\n<p>Mislim da je to jedan dobar na\u010din komunikacije da se \u0111aci upoznaju sa funkcionisanjem op\u0161tina, a i da op\u0161tine, u direktnom kontaktu sa \u0111acima, dobiju informacije o njihovim idejama i predlozima, kako bi smo u nekom od narednih bud\u017eeta planirali sredstva za realizaciju onih najboljih predloga, rekao je \u0110uri\u0107.<\/p>\n<p>Petar Leki\u0107, u\u010denik sedmog razreda i \u010dlan U\u010deni\u010dkog parlamenta Osnovne \u0161kole &#8220;Dimitrije Tucovi\u0107&#8221; na Zlatiboru, je rekao da im je taj na\u010din organizovanja veoma va\u017ean, jer tako imaju priliku da daju predloge u vezi sa radom u \u0161koli. &#8220;Jedan od predloga koji smo izneli je da u okviru projekta &#8220;Obrazovanje za prava deteta&#8221; op\u0161tina finansira deo tro\u0161kova puta za odlazak u \u0160vajcarsku, a pitali smo i dokle se stiglo sa izgradnjom fiskulturne sale za na\u0161u \u0161kolu.<\/p>\n<p>Sli\u010dna pitanja postavile su i Jovana Krejevi\u0107, u\u010denica Osnovne \u0161kole &#8220;Milivoje Borovi\u0107&#8221; iz Ma\u010dkata, Nata\u0161a Vidi\u0107 iz Osnovne \u0161kole &#8220;Sava Jovanovi\u0107&#8221; u Sirogojnu i Jovana Smiljani\u0107 iz izdvojenog odeljenja ove \u0161kole u Ljubi\u0161u. Svima im je bitno da im se obezbede dobri uslovi za u\u010denje i bavljenje sportom i iskazali su zadovoljstvo \u0161to su bili u prilici da vide kako funkcioni\u0161e lokalna samouprava i \u0161to je neko saslu\u0161ao njihove predloge i probleme.<\/p>\n<p>&nbsp;<\/p>\n<p>&nbsp;<\/p>\n<p>&nbsp;<\/p>\n","protected":false},"excerpt":{"rendered":"<p>&#8211; U\u010denici, \u010dlanovi u\u010deni\u010dkih parlamenata osnovnih \u0161kola sa teritorije op\u0161tine \u010cajetina, posetili su u okviru De\u010dije nedelje lokalni parlament gde ih je predsednik Skup\u0161tine op\u0161tine &hellip; <\/p>\n","protected":false},"author":2,"featured_media":33561,"comment_status":"open","ping_status":"open","sticky":false,"template":"","format":"standard","meta":{"footnotes":""},"categories":[5787,2875,14,1524,2,887,12],"tags":[2762,338,196],"_links":{"self":[{"href":"https:\/\/centralmedia.rs\/index.php\/wp-json\/wp\/v2\/posts\/33560"}],"collection":[{"href":"https:\/\/centralmedia.rs\/index.php\/wp-json\/wp\/v2\/posts"}],"about":[{"href":"https:\/\/centralmedia.rs\/index.php\/wp-json\/wp\/v2\/types\/post"}],"author":[{"embeddable":true,"href":"https:\/\/centralmedia.rs\/index.php\/wp-json\/wp\/v2\/users\/2"}],"replies":[{"embeddable":true,"href":"https:\/\/centralmedia.rs\/index.php\/wp-json\/wp\/v2\/comments?post=33560"}],"version-history":[{"count":1,"href":"https:\/\/centralmedia.rs\/index.php\/wp-json\/wp\/v2\/posts\/33560\/revisions"}],"predecessor-version":[{"id":33565,"href":"https:\/\/centralmedia.rs\/index.php\/wp-json\/wp\/v2\/posts\/33560\/revisions\/33565"}],"wp:featuredmedia":[{"embeddable":true,"href":"https:\/\/centralmedia.rs\/index.php\/wp-json\/wp\/v2\/media\/33561"}],"wp:attachment":[{"href":"https:\/\/centralmedia.rs\/index.php\/wp-json\/wp\/v2\/media?parent=33560"}],"wp:term":[{"taxonomy":"category","embeddable":true,"href":"https:\/\/centralmedia.rs\/index.php\/wp-json\/wp\/v2\/categories?post=33560"},{"taxonomy":"post_tag","embeddable":true,"href":"https:\/\/centralmedia.rs\/index.php\/wp-json\/wp\/v2\/tags?post=33560"}],"curies":[{"name":"wp","href":"https:\/\/api.w.org\/{rel}","templated":true}]}}