{"id":33566,"date":"2022-10-14T23:37:58","date_gmt":"2022-10-14T21:37:58","guid":{"rendered":"http:\/\/centralmedia.rs\/?p=33566"},"modified":"2022-11-23T23:38:13","modified_gmt":"2022-11-23T22:38:13","slug":"u-cajetini-odrzana-edukativna-tribina-za-mlade-um-na-drum","status":"publish","type":"post","link":"https:\/\/centralmedia.rs\/index.php\/2022\/10\/14\/u-cajetini-odrzana-edukativna-tribina-za-mlade-um-na-drum\/","title":{"rendered":"U \u010cajetini odr\u017eana edukativna tribina za mlade &#8220;Um na drum&#8221;"},"content":{"rendered":"<p>U okviru svojih aktivnosti, Agencija za bezbednost saobra\u0107aja Republike Srbije u saradnji sa lokalnim Savetom za bezbednost saobra\u0107aja u \u010cajetini, u Domu kulture u \u010cajetini odr\u017eala je danas edukativnu tribunu za mlade\u00a0 \u201eUm na drum\u201c . Predavanju je prisustvovalo oko 120 srednjo\u0161kolaca iz \u010cajetine, Arilja, Priboja, Prijepolja.<\/p>\n<p><img loading=\"lazy\" decoding=\"async\" class=\"alignnone wp-image-33568 size-full\" src=\"http:\/\/centralmedia.rs\/wp-content\/uploads\/2022\/11\/umnadrum.jpg\" alt=\"\" width=\"700\" height=\"394\" srcset=\"https:\/\/centralmedia.rs\/wp-content\/uploads\/2022\/11\/umnadrum.jpg 700w, https:\/\/centralmedia.rs\/wp-content\/uploads\/2022\/11\/umnadrum-300x169.jpg 300w, https:\/\/centralmedia.rs\/wp-content\/uploads\/2022\/11\/umnadrum-640x360.jpg 640w, https:\/\/centralmedia.rs\/wp-content\/uploads\/2022\/11\/umnadrum-681x383.jpg 681w\" sizes=\"(max-width: 700px) 100vw, 700px\" \/><\/p>\n<p>Prema statisti\u010dkim podacima , ugro\u017eenost mladih u saobra\u0107aju je velika, bilo da govorimo o u\u010de\u0161\u0107u kao voza\u010dima, saputnicima ili pe\u0161acima. Te\u0161ka saobra\u0107ajna nesre\u0107a koja se nedavno dogodila na putu U\u017eice \u2013 Zlatibor,\u00a0 podigla je javnost na noge sa ciljem da se\u00a0 predo\u010de preduslovi ali i posledice ukoliko pona\u0161anje mladih u saobra\u0107aju\u00a0 nije na zadovoljavaju\u0107em nivou. Na dana\u0161njem predavanju \u010dlanovi Agencije i lokalnog Saveta za bezbednost u saobra\u0107aju, skrenuti su pa\u017enju mladima da je izuzetno va\u017eno da imaju ispravne stavove kada je njihova bezbednost ali i bezbednost svih\u00a0 u\u010desnika u pitanju.<\/p>\n<p>\u201eDanas smo sa mladima razgovarali o zna\u010daju kori\u0161\u0107enja sigurnosnog pojasa, o \u0161tetnosti kori\u0161\u0107enja mobilnog telefona tokom vo\u017enje, o posledicama koje mo\u017ee doneti vo\u017enja pod dejstvom alkohola, kao i vo\u017enja brzinom ve\u0107om od ograni\u010dene. Ovo je samo jedna u nizu aktivnosti koje Agencija organizuje u saradnji sa SZBS op\u0161tine \u010cajetina, i nadam se da \u0107emo ubudu\u0107e imati jo\u0161 novih i drugih aktivnosti na razne ciljne grupe. Ova tema mora da se popularizuje, da se stalno o njoj pri\u010da i govori, ali i da se biraju razni kanali komunikacije, npr. dru\u0161tvene mre\u017ee, televizija, radio, kako bi stalno na neki na\u010din sugerisali da se mladi bezbedno pona\u0161aju u saobra\u0107aju. Svedoci smo\u00a0 u poslednje vreme velikog broja saobra\u0107anih nezgoda u kojima u\u010destvuju mladi \u201c, rekao je Veljko \u0106ur\u010di\u0107, Agencija za bezbednost saobra\u0107aja.<\/p>\n<p>Na tribini je o svom li\u010dnom iskustvu govorio Slavi\u0161a Savi\u0107, koji je pre 29 godina do\u017eiveo saobra\u0107ajnu nezgodu, koja za posledicu ima njegov trajni invaliditet. Ovo predavanje se realizuje ve\u0107 sedam godina , a Slavi\u0161u je do sada saslu\u0161alo preko 40.000 srednjo\u0161kolaca iz Srbije, a kako i sam ka\u017ee, na predavanju se na sve na\u010dine\u00a0 trudi da \u201eMladi poslu\u0161aju njega, kada ve\u0107 on nije slu\u0161ao nikoga\u201c.<\/p>\n<p>\u201eIzno\u0161enjem svoje pri\u010de mladima, prakti\u010dno poku\u0161avam da prenesem sa koliko ozbiljnim posledicama mo\u017ee da se susretne neko ko ne po\u0161tuje propise , napravi mladala\u010dku gre\u0161ku i do\u017eivi saobra\u0107ajnu nezgodu. Ja se trudim se da svima na pravi na\u010din do\u010daram iz li\u010dnog iskustva koliki je to gubitak. \u0160to se ti\u010de samih tribina jako su dobro propra\u0107ene, mladi su izuzetno pa\u017eljivi \u0161to zna\u010di da su slu\u0161ali i da im je ovo predavanje ostalo u se\u0107anju, a ja se nadam da \u0107e sve propise i pravila primenjivati\u201c, ka\u017ee Slavi\u0161a Savi\u0107, predava\u010d Projekta \u201e Jo\u0161 uvek vozim, ali ne hodam\u201c.<\/p>\n<p>&nbsp;<\/p>\n<p>Agencija \u0107e i u budu\u0107em periodu nastaviti sa svojim preventivno promotivnim aktivnostima, kako sa mladima, tako i sa ostalim ciljnim grupama.<\/p>\n<p>&nbsp;<\/p>\n","protected":false},"excerpt":{"rendered":"<p>U okviru svojih aktivnosti, Agencija za bezbednost saobra\u0107aja Republike Srbije u saradnji sa lokalnim Savetom za bezbednost saobra\u0107aja u \u010cajetini, u Domu kulture u \u010cajetini &hellip; <\/p>\n","protected":false},"author":2,"featured_media":33567,"comment_status":"open","ping_status":"open","sticky":false,"template":"","format":"standard","meta":{"footnotes":""},"categories":[2875,5787,14,1524,2,887,12],"tags":[2762,6063,6062],"_links":{"self":[{"href":"https:\/\/centralmedia.rs\/index.php\/wp-json\/wp\/v2\/posts\/33566"}],"collection":[{"href":"https:\/\/centralmedia.rs\/index.php\/wp-json\/wp\/v2\/posts"}],"about":[{"href":"https:\/\/centralmedia.rs\/index.php\/wp-json\/wp\/v2\/types\/post"}],"author":[{"embeddable":true,"href":"https:\/\/centralmedia.rs\/index.php\/wp-json\/wp\/v2\/users\/2"}],"replies":[{"embeddable":true,"href":"https:\/\/centralmedia.rs\/index.php\/wp-json\/wp\/v2\/comments?post=33566"}],"version-history":[{"count":1,"href":"https:\/\/centralmedia.rs\/index.php\/wp-json\/wp\/v2\/posts\/33566\/revisions"}],"predecessor-version":[{"id":33569,"href":"https:\/\/centralmedia.rs\/index.php\/wp-json\/wp\/v2\/posts\/33566\/revisions\/33569"}],"wp:featuredmedia":[{"embeddable":true,"href":"https:\/\/centralmedia.rs\/index.php\/wp-json\/wp\/v2\/media\/33567"}],"wp:attachment":[{"href":"https:\/\/centralmedia.rs\/index.php\/wp-json\/wp\/v2\/media?parent=33566"}],"wp:term":[{"taxonomy":"category","embeddable":true,"href":"https:\/\/centralmedia.rs\/index.php\/wp-json\/wp\/v2\/categories?post=33566"},{"taxonomy":"post_tag","embeddable":true,"href":"https:\/\/centralmedia.rs\/index.php\/wp-json\/wp\/v2\/tags?post=33566"}],"curies":[{"name":"wp","href":"https:\/\/api.w.org\/{rel}","templated":true}]}}