{"id":33590,"date":"2022-11-07T23:52:12","date_gmt":"2022-11-07T22:52:12","guid":{"rendered":"http:\/\/centralmedia.rs\/?p=33590"},"modified":"2022-11-23T23:52:47","modified_gmt":"2022-11-23T22:52:47","slug":"na-zlatiboru-razgovarano-o-zenskom-preduzetnistvu","status":"publish","type":"post","link":"https:\/\/centralmedia.rs\/index.php\/2022\/11\/07\/na-zlatiboru-razgovarano-o-zenskom-preduzetnistvu\/","title":{"rendered":"Na Zlatiboru razgovarano o \u017eenskom preduzetni\u0161tvu"},"content":{"rendered":"<p>Konferencija o \u017eenskom preduzetni\u0161tvu \u201eSvako to mo\u017ee\u201c, koju je organizovalo Udru\u017eenje gra\u0111ana \u201eZlata\u201c u saradnji sa Savetom za Rodnu ravnopravnost Op\u0161tine \u010cajetina, odr\u017eana je u u Inovacionom centru na Zlatiboru. Razgovaralo se o poslovnoj, emotivnoj, prodajnoj i li\u010dnoj edukaciji.<\/p>\n<p><img loading=\"lazy\" decoding=\"async\" class=\"alignnone wp-image-33592 size-full\" src=\"http:\/\/centralmedia.rs\/wp-content\/uploads\/2022\/11\/Zlata1.jpg\" alt=\"\" width=\"750\" height=\"750\" srcset=\"https:\/\/centralmedia.rs\/wp-content\/uploads\/2022\/11\/Zlata1.jpg 750w, https:\/\/centralmedia.rs\/wp-content\/uploads\/2022\/11\/Zlata1-150x150.jpg 150w, https:\/\/centralmedia.rs\/wp-content\/uploads\/2022\/11\/Zlata1-300x300.jpg 300w, https:\/\/centralmedia.rs\/wp-content\/uploads\/2022\/11\/Zlata1-420x420.jpg 420w, https:\/\/centralmedia.rs\/wp-content\/uploads\/2022\/11\/Zlata1-640x640.jpg 640w, https:\/\/centralmedia.rs\/wp-content\/uploads\/2022\/11\/Zlata1-681x681.jpg 681w\" sizes=\"(max-width: 750px) 100vw, 750px\" \/><\/p>\n<p>Biznis model i delovi, digitalna prodaja, upravljanje energijama emocija i novca, balans poslovnog i privatnog \u017eivota bile su neke od tema konferencije koju je otvorila Slavica Brkovi\u0107, predsednica Udru\u017eenje gra\u0111ana \u201cZlata\u201d. U pozdravnom govoru, ona je naglasila da je ideja udru\u017eivanja proistekla iz spoznaje da timski rad mo\u017ee da donese rezultate.<\/p>\n<p>Predsednica Saveta za rodnu ravnopravnost op\u0161tine \u010cajetina Bojana Bo\u017eani\u0107, koja je i direktorka JP \u201eGold gondola Zlatibor\u201c, istakla je da je ova konferencija dugo spremana i po\u010detak je jednog divnog projekta.<\/p>\n<p>&#8211; Mi smo zajedno sa Udru\u017eenjem \u201cZlata\u201d i Savetom za rodnu ravnopravnost op\u0161tine \u010cajetina realizovali ovu konferenciju da bi se okupilo \u0161to vi\u0161e \u017eena i mladih koji su na po\u010detku svog razvojnog puta \u017eena koje su se ostvarile u poslu. Na\u0161 je cilj da ih \u0161to vi\u0161e umre\u017eimo, da im budemo veza kako bi one na jednom mestu mogle da dobiju odgovore i da budemo zajedno. Ovo je samo po\u010detak na\u0161eg rada na unapre\u0111enju znanja i iskustava &#8211; rekla je Bojana Bo\u017eani\u0107.<\/p>\n<p>Obra\u0107aju\u0107i se u\u010desnicama konferencije, Sla\u0111ana Vulovi\u0107, ispred op\u0161tine \u010cajetina, rekla je da op\u0161tina podr\u017eava ovakve projekte.<\/p>\n<p>Dana\u0161nja konferencija okupila je \u017eene iz cele Srbije, koje \u017eele da se ostvare kao preduzetnice, kao i sve one koje smatraju da mogu doprineti daljem razvoju \u017eenskog preduzetni\u0161tva kroz razmenu iskustava, edukacije, inovacije i kreativnosti.<\/p>\n<p>U\u010desnice su su se slo\u017eile s organizatorima da je dobro razvijeno preduzetni\u0161tvo odlika ekonomski stabilnih tr\u017ei\u0161ta, te je osna\u017eivanje ovog sektora od klju\u010dne va\u017enosti za dalji ekonomski razvoj, smanjenje nezaposlenosti i pove\u0107anje privrednih subjekata koji pla\u0107aju porez.<\/p>\n<p>&nbsp;<\/p>\n","protected":false},"excerpt":{"rendered":"<p>Konferencija o \u017eenskom preduzetni\u0161tvu \u201eSvako to mo\u017ee\u201c, koju je organizovalo Udru\u017eenje gra\u0111ana \u201eZlata\u201c u saradnji sa Savetom za Rodnu ravnopravnost Op\u0161tine \u010cajetina, odr\u017eana je u &hellip; <\/p>\n","protected":false},"author":2,"featured_media":33591,"comment_status":"open","ping_status":"open","sticky":false,"template":"","format":"standard","meta":{"footnotes":""},"categories":[22,2875,5787,1524,2,887,12],"tags":[2762,6067],"_links":{"self":[{"href":"https:\/\/centralmedia.rs\/index.php\/wp-json\/wp\/v2\/posts\/33590"}],"collection":[{"href":"https:\/\/centralmedia.rs\/index.php\/wp-json\/wp\/v2\/posts"}],"about":[{"href":"https:\/\/centralmedia.rs\/index.php\/wp-json\/wp\/v2\/types\/post"}],"author":[{"embeddable":true,"href":"https:\/\/centralmedia.rs\/index.php\/wp-json\/wp\/v2\/users\/2"}],"replies":[{"embeddable":true,"href":"https:\/\/centralmedia.rs\/index.php\/wp-json\/wp\/v2\/comments?post=33590"}],"version-history":[{"count":1,"href":"https:\/\/centralmedia.rs\/index.php\/wp-json\/wp\/v2\/posts\/33590\/revisions"}],"predecessor-version":[{"id":33593,"href":"https:\/\/centralmedia.rs\/index.php\/wp-json\/wp\/v2\/posts\/33590\/revisions\/33593"}],"wp:featuredmedia":[{"embeddable":true,"href":"https:\/\/centralmedia.rs\/index.php\/wp-json\/wp\/v2\/media\/33591"}],"wp:attachment":[{"href":"https:\/\/centralmedia.rs\/index.php\/wp-json\/wp\/v2\/media?parent=33590"}],"wp:term":[{"taxonomy":"category","embeddable":true,"href":"https:\/\/centralmedia.rs\/index.php\/wp-json\/wp\/v2\/categories?post=33590"},{"taxonomy":"post_tag","embeddable":true,"href":"https:\/\/centralmedia.rs\/index.php\/wp-json\/wp\/v2\/tags?post=33590"}],"curies":[{"name":"wp","href":"https:\/\/api.w.org\/{rel}","templated":true}]}}