{"id":33603,"date":"2022-11-30T09:36:24","date_gmt":"2022-11-30T08:36:24","guid":{"rendered":"http:\/\/centralmedia.rs\/?p=33603"},"modified":"2022-12-02T12:20:44","modified_gmt":"2022-12-02T11:20:44","slug":"palma-razgovarao-sa-protom-predsednikom-vlade-svete-gore-mi-se-zalazemo-za-tradicionalne-pravoslavne-vrednosti","status":"publish","type":"post","link":"https:\/\/centralmedia.rs\/index.php\/2022\/11\/30\/palma-razgovarao-sa-protom-predsednikom-vlade-svete-gore-mi-se-zalazemo-za-tradicionalne-pravoslavne-vrednosti\/","title":{"rendered":"PALMA RAZGOVARAO SA PROTOM (PREDSEDNIKOM VLADE) SVETE GORE :  MI SE ZALA\u017dEMO ZA TRADICIONALNE PRAVOSLAVNE VREDNOSTI"},"content":{"rendered":"<p>Markovi\u0107a je u Kareji, sedi\u0161tu Svete Gore, primio Prot (predsednik Vlade Mona\u0161ke Republike) Svete Gore Arhimandrit Hirstofor. \u201cKada \u010dovek do\u0111e na Svetu Goru duhovno se ose\u0107a mnogo bolje. Ja uvek govorim da bi svaki gra\u0111anin Srbije pravoslavne vere trebao bar jednom za \u017eivota da poseti Svetu Goru. Srbija i Srpska pravoslavna crkva imaju veliki problem na Kosovu i Metohiji gde srpske crkve i manastire \u010duvaju vojnici KFOR \u2013 a i na Kosovu i Metohiji ne postoji sloboda za pravoslavne sve\u0161tenike i monahe. I ono \u0161to je najgore, kada su Zadu\u0161nice, Albanci ru\u0161e nadgrobne spomenike Srba koji su sahranjeni na toj Svetoj srpskoj zemlji Kosovu i Metohiji. Tako ne\u0161to nigde se na svetu ne doga\u0111a osim na Kosovu i Metohiji. I neke zemlje \u010dlanice Evropske unije i SAD tra\u017ee od Srbije da prizna takozvano nezavisno Kosovo, da ne\u0161to \u0161to je na\u0161e ka\u017eemo da nije vi\u0161e na\u0161e, \u0161to Srbija nikada ne\u0107e uraditi. Zahvaljuju\u0107i predsedniku Srbije Aleksandru Vu\u010di\u0107u i dr\u017eavi Srbiji mnogo je crkava i manastira obnovljeno u celoj Srbiji, uklju\u010duju\u010di i Kosovo i Metohiju, a manastir Hilandar je prvi put u istoriji u\u0161ao u zakon Republike Srbije. Mi se zala\u017eemo za tradicionalne pravoslavne vrednosti i ako ste duhovno jaki onda mo\u017eete mnogo lak\u0161e mnoge probleme da prebrodite\u201d, rekao je Dragan Markovi\u0107 Palma u razgovoru sa arhimandritom Hristoforom.<\/p>\n<div id='gallery-1' class='gallery galleryid-33603 gallery-columns-3 gallery-size-thumbnail'><figure class='gallery-item'>\n\t\t\t<div class='gallery-icon portrait'>\n\t\t\t\t<a href='https:\/\/centralmedia.rs\/index.php\/2022\/11\/30\/palma-razgovarao-sa-protom-predsednikom-vlade-svete-gore-mi-se-zalazemo-za-tradicionalne-pravoslavne-vrednosti\/palam-hilandar\/'><img loading=\"lazy\" decoding=\"async\" width=\"150\" height=\"150\" src=\"https:\/\/centralmedia.rs\/wp-content\/uploads\/2022\/11\/palam-hilandar-150x150.jpg\" class=\"attachment-thumbnail size-thumbnail\" alt=\"\" \/><\/a>\n\t\t\t<\/div><\/figure><figure class='gallery-item'>\n\t\t\t<div class='gallery-icon landscape'>\n\t\t\t\t<a href='https:\/\/centralmedia.rs\/index.php\/2022\/11\/30\/palma-razgovarao-sa-protom-predsednikom-vlade-svete-gore-mi-se-zalazemo-za-tradicionalne-pravoslavne-vrednosti\/palma-sveta-gora-prot\/'><img loading=\"lazy\" decoding=\"async\" width=\"150\" height=\"150\" src=\"https:\/\/centralmedia.rs\/wp-content\/uploads\/2022\/11\/palma-sveta-gora-prot-150x150.jpg\" class=\"attachment-thumbnail size-thumbnail\" alt=\"\" \/><\/a>\n\t\t\t<\/div><\/figure><figure class='gallery-item'>\n\t\t\t<div class='gallery-icon landscape'>\n\t\t\t\t<a href='https:\/\/centralmedia.rs\/index.php\/2022\/11\/30\/palma-razgovarao-sa-protom-predsednikom-vlade-svete-gore-mi-se-zalazemo-za-tradicionalne-pravoslavne-vrednosti\/pama-hilandar-iguman-metodije\/'><img loading=\"lazy\" decoding=\"async\" width=\"150\" height=\"150\" src=\"https:\/\/centralmedia.rs\/wp-content\/uploads\/2022\/11\/pama-hilandar-iguman-metodije-150x150.jpg\" class=\"attachment-thumbnail size-thumbnail\" alt=\"\" \/><\/a>\n\t\t\t<\/div><\/figure>\n\t\t<\/div>\n\n<p>PREDSEDNIK VLADE SVETE GORE : SRBIJA IMA PODR\u0160KU SVETE GORE<\/p>\n<p>\u201cOvde na Svetoj Gori svi se molimo za srpski narod i da sve ono \u0161to je na Kosovu i Metohiji pravoslavno i \u0161to je bilo pravoslavno da opet bude pravoslavno i da pobedi pravda. U tome imate podr\u0161ku Svete Gore. Mi smo uvereni i duboko verujemo da \u0107e za srpski pravoslavni narod i sve pravoslavne do\u0107i Vaskrsenje. Zamolio bi vas gospodine Markovi\u0107u da prenesete moje pozdrave va\u0161em predsedniku Republike Srbije Aleksandru Vu\u010di\u0107u i moje veliko po\u0161tovanje prema njemu. Vi ste uvek dobrodo\u0161li i ovo je i Va\u0161a otad\u017ebina, ovo je otad\u017ebina svih pravoslavnih, to je ugradio va\u0161 Sveti Sava i zato smo svi mi jedno\u201d, poru\u010dio je predsednik vlade Svete Gore arhimandrit Hristofor.<\/p>\n<p>PALMA PREDSEDNIKU VLADE SVETE GORE POKLONIO GUSLE I SRPSKU \u0160AJKA\u010cU<\/p>\n<p>Dragan Markovi\u0107 Palma je arhimandritu Hristoforu poklonio tradicionalne srpske gusle, srpsku \u0161ajka\u010du kao i Plaketu sa grbom grada Jagodine. Markovi\u0107 je rekao da se Srbija nikada ne\u0107e odre\u0107i srpske \u0161ajka\u010de koja je odbranila i othranila srpski narod. Arhimandrit Hristofor je uzvratio sa knjigom gde su popisane sve vrednosti Svete Gore.<\/p>\n<p>PALMU I DELEGACIJU PRIMIO JE IGUMAN MANASTIRA HILANDAR ARHIMANDRIT METODIJE<\/p>\n<p>Dragan Markovi\u0107 Palma se zahvalio igumanu Metodiju na gostoprimstvu i istakao da Srbiji danas je preko potrebno jedinstvo i zamolio igumana Metodija, po\u0161to njegova re\u010d vredi i \u010duje se u Srbiji, da pozove na to preko potrebno nacionalno i pravoslavno jedinstvo.<\/p>\n<p>Iguman svetog manastira Hilandar arhimandrit Metodije je, po\u017eelev\u0161i dobrodo\u0161licu delegaciji, pozvao na nacionalno jedinstvo, jer samo tako mo\u017eemo sa\u010duvati nacionalne interese.<\/p>\n<p>&#8221; U ostalom ne stoje slu\u010dajno \u010detiri ocila u na\u0161em grbu. Samo sloga Srbina spa\u0161ava&#8221; rekao je iguman Metodije.<\/p>\n<p>U na\u0161oj delegaciji su, izme\u0111u ostalh i narodni poslanici, na\u010delnik Pomoravskog okruga , poverenik manastira Hilandar za Srbiju, zdravstveni radnici, profesori.<\/p>\n","protected":false},"excerpt":{"rendered":"<p>Markovi\u0107a je u Kareji, sedi\u0161tu Svete Gore, primio Prot (predsednik Vlade Mona\u0161ke Republike) Svete Gore Arhimandrit Hirstofor. \u201cKada \u010dovek do\u0111e na Svetu Goru duhovno se &hellip; <\/p>\n","protected":false},"author":2,"featured_media":33604,"comment_status":"open","ping_status":"open","sticky":false,"template":"","format":"standard","meta":{"footnotes":""},"categories":[1524,2,5643,1514,887,12],"tags":[150,120,3526],"_links":{"self":[{"href":"https:\/\/centralmedia.rs\/index.php\/wp-json\/wp\/v2\/posts\/33603"}],"collection":[{"href":"https:\/\/centralmedia.rs\/index.php\/wp-json\/wp\/v2\/posts"}],"about":[{"href":"https:\/\/centralmedia.rs\/index.php\/wp-json\/wp\/v2\/types\/post"}],"author":[{"embeddable":true,"href":"https:\/\/centralmedia.rs\/index.php\/wp-json\/wp\/v2\/users\/2"}],"replies":[{"embeddable":true,"href":"https:\/\/centralmedia.rs\/index.php\/wp-json\/wp\/v2\/comments?post=33603"}],"version-history":[{"count":1,"href":"https:\/\/centralmedia.rs\/index.php\/wp-json\/wp\/v2\/posts\/33603\/revisions"}],"predecessor-version":[{"id":33608,"href":"https:\/\/centralmedia.rs\/index.php\/wp-json\/wp\/v2\/posts\/33603\/revisions\/33608"}],"wp:featuredmedia":[{"embeddable":true,"href":"https:\/\/centralmedia.rs\/index.php\/wp-json\/wp\/v2\/media\/33604"}],"wp:attachment":[{"href":"https:\/\/centralmedia.rs\/index.php\/wp-json\/wp\/v2\/media?parent=33603"}],"wp:term":[{"taxonomy":"category","embeddable":true,"href":"https:\/\/centralmedia.rs\/index.php\/wp-json\/wp\/v2\/categories?post=33603"},{"taxonomy":"post_tag","embeddable":true,"href":"https:\/\/centralmedia.rs\/index.php\/wp-json\/wp\/v2\/tags?post=33603"}],"curies":[{"name":"wp","href":"https:\/\/api.w.org\/{rel}","templated":true}]}}