{"id":33609,"date":"2022-11-30T15:24:13","date_gmt":"2022-11-30T14:24:13","guid":{"rendered":"http:\/\/centralmedia.rs\/?p=33609"},"modified":"2022-12-06T18:49:19","modified_gmt":"2022-12-06T17:49:19","slug":"svilajnac-oziveo-gradsko-amatersko-pozoriste-publika-odusevljena-predstavom-klopka","status":"publish","type":"post","link":"https:\/\/centralmedia.rs\/index.php\/2022\/11\/30\/svilajnac-oziveo-gradsko-amatersko-pozoriste-publika-odusevljena-predstavom-klopka\/","title":{"rendered":"SVILAJNAC \u201eO\u017dIVEO\u201c GRADSKO AMATERSKO POZORI\u0160TE, PUBLIKA ODU\u0160EVLjENA PREDSTAVOM \u201eKLOPKA\u201c"},"content":{"rendered":"<p>SVILAJNAC-Predstava \u201eKlopka\u201c, u izvo\u0111enju Gradskog amaterskog pozori\u0161ta Centra za kulturu Svilajnac, imala je sino\u0107 uspe\u0161nu premijeru pred punom salom.<\/p>\n<p>\u201eKlopka\u201c je kriminalisti\u010dka komedija \u010duvenog francuskog dramskog pisca Tome Robera u re\u017eiji Jovana Gruji\u0107a, koji isti\u010de da je rad sa svilajna\u010dkim glumcima amaterima na ovoj predstavi bio pravo u\u017eivanje:<\/p>\n<p>\u201eNa\u0161a predstava govori o borbi za istinu u mikrosvetu jednog malog \u010doveka koji ima svoje te\u017enje, \u017eelje, nadanja, dela. On se, kao i mi, bori da doka\u017ee svoju istinu, da opravda svoja dela, dok sa druge strane ima \u010dvrstog i jakog, lukavog neprijatelja koji mu potura svoju istinu, svoje \u017eelje, svoja htenja. Borba je ve\u010dita. I neka bude tako, jer to je \u017eivot. I neka pobedi istina\u201c \u2013 rekao je Jovan Gruji\u0107.<\/p>\n<p>Direktorka Centra za kulturu Jelena Dimitrijevi\u0107 ka\u017ee da je interesovanje publike bilo nikad ve\u0107e i da su karte za premijeru \u201eplanule\u201c za dva dana:<\/p>\n<p>\u201eOsve\u017eili smo gradsko amatersko pozori\u0161te i vartili ga na velika vrata. Nakon uspe\u0161ne premijere, ima\u0107emo zbog velikog interesovanja jo\u0161 nekoliko izvo\u0111enja u Svilajncu, a kasnije \u0107emo ostvariti neke saradnje i gostovanja. Naravno, planiramo da svake godine imamo novu predstavu. Ovo je ina\u010de 22. po redu predstava ve\u010dernje scene amaterskog pozori\u0161ta koja je napravljena u kontinuitetu od osnivanja Centra za kulturu.\u201c \u2013 izjavila je ona.<\/p>\n<p>U predstavi su igrali Aleksandar Ne\u0161kovi\u0107, Milena Nikodijevi\u0107, Bogdan Panajotovksi, Diana Miladinovi\u0107, Stefan Lazarevi\u0107 i Ratomir Savi\u0107, a re\u017eirao je Jovan Gruji\u0107.<\/p>\n","protected":false},"excerpt":{"rendered":"<p>SVILAJNAC-Predstava \u201eKlopka\u201c, u izvo\u0111enju Gradskog amaterskog pozori\u0161ta Centra za kulturu Svilajnac, imala je sino\u0107 uspe\u0161nu premijeru pred punom salom. \u201eKlopka\u201c je kriminalisti\u010dka komedija \u010duvenog francuskog &hellip; <\/p>\n","protected":false},"author":2,"featured_media":33610,"comment_status":"open","ping_status":"open","sticky":false,"template":"","format":"standard","meta":{"footnotes":""},"categories":[1524,2,15,887,12,1517,5785],"tags":[6070,6068,1685,38],"_links":{"self":[{"href":"https:\/\/centralmedia.rs\/index.php\/wp-json\/wp\/v2\/posts\/33609"}],"collection":[{"href":"https:\/\/centralmedia.rs\/index.php\/wp-json\/wp\/v2\/posts"}],"about":[{"href":"https:\/\/centralmedia.rs\/index.php\/wp-json\/wp\/v2\/types\/post"}],"author":[{"embeddable":true,"href":"https:\/\/centralmedia.rs\/index.php\/wp-json\/wp\/v2\/users\/2"}],"replies":[{"embeddable":true,"href":"https:\/\/centralmedia.rs\/index.php\/wp-json\/wp\/v2\/comments?post=33609"}],"version-history":[{"count":1,"href":"https:\/\/centralmedia.rs\/index.php\/wp-json\/wp\/v2\/posts\/33609\/revisions"}],"predecessor-version":[{"id":33612,"href":"https:\/\/centralmedia.rs\/index.php\/wp-json\/wp\/v2\/posts\/33609\/revisions\/33612"}],"wp:featuredmedia":[{"embeddable":true,"href":"https:\/\/centralmedia.rs\/index.php\/wp-json\/wp\/v2\/media\/33610"}],"wp:attachment":[{"href":"https:\/\/centralmedia.rs\/index.php\/wp-json\/wp\/v2\/media?parent=33609"}],"wp:term":[{"taxonomy":"category","embeddable":true,"href":"https:\/\/centralmedia.rs\/index.php\/wp-json\/wp\/v2\/categories?post=33609"},{"taxonomy":"post_tag","embeddable":true,"href":"https:\/\/centralmedia.rs\/index.php\/wp-json\/wp\/v2\/tags?post=33609"}],"curies":[{"name":"wp","href":"https:\/\/api.w.org\/{rel}","templated":true}]}}