{"id":3361,"date":"2016-06-11T12:19:20","date_gmt":"2016-06-11T12:19:20","guid":{"rendered":"http:\/\/centralmedia.rs\/?p=3361"},"modified":"2016-06-11T12:19:20","modified_gmt":"2016-06-11T12:19:20","slug":"15-godina-od-ubistva-milana-pantica-porodica-zatrazila-ustupanje-nagrade","status":"publish","type":"post","link":"https:\/\/centralmedia.rs\/index.php\/2016\/06\/11\/15-godina-od-ubistva-milana-pantica-porodica-zatrazila-ustupanje-nagrade\/","title":{"rendered":"15 GODINA OD UBISTVA MILANA PANTI\u0106A &#8211; PORODICA ZATRA\u017dILA USTUPANJE NAGRADE"},"content":{"rendered":"<p>JAGODINA-Porodica ubijenog novinara Milana Panti\u0107a iz Jagodine danas je, prilikom obele\u017eavanja 15 godina od tog stra\u0161nog doga\u0111aja, zatra\u017eila je od predstavnika \u017eirija za dodelu nagrade za novinarsku hrabrost da im ustupe pravo na izbor dobitnika, kako se ne bi dalje ugro\u017eavalo se\u0107anje na \u017ertvu koju je on dao za slobodu novinarstva u Srbiji. Predsednik Komisije za istragu ubistva novinara Veran Mati\u0107 potvrdio je  da ima pomaka u istrazi tog ubistva, kao i da su ranije tragovi namerno usmeravani u drugim pravcima. <figure id=\"attachment_3363\" aria-describedby=\"caption-attachment-3363\" style=\"width: 300px\" class=\"wp-caption alignnone\"><a href=\"https:\/\/centralmedia.rs\/wp-content\/uploads\/2016\/06\/nemanja-pantic-jagodina-g.j..jpg\"><img loading=\"lazy\" decoding=\"async\" src=\"https:\/\/centralmedia.rs\/wp-content\/uploads\/2016\/06\/nemanja-pantic-jagodina-g.j.-300x225.jpg\" alt=\"Nemanja Panti\u0107\" width=\"300\" height=\"225\" class=\"size-medium wp-image-3363\" srcset=\"https:\/\/centralmedia.rs\/wp-content\/uploads\/2016\/06\/nemanja-pantic-jagodina-g.j.-300x225.jpg 300w, https:\/\/centralmedia.rs\/wp-content\/uploads\/2016\/06\/nemanja-pantic-jagodina-g.j.-768x576.jpg 768w, https:\/\/centralmedia.rs\/wp-content\/uploads\/2016\/06\/nemanja-pantic-jagodina-g.j.-80x60.jpg 80w, https:\/\/centralmedia.rs\/wp-content\/uploads\/2016\/06\/nemanja-pantic-jagodina-g.j.-265x198.jpg 265w, https:\/\/centralmedia.rs\/wp-content\/uploads\/2016\/06\/nemanja-pantic-jagodina-g.j..jpg 900w\" sizes=\"(max-width: 300px) 100vw, 300px\" \/><\/a><figcaption id=\"caption-attachment-3363\" class=\"wp-caption-text\">Nemanja Panti\u0107<\/figcaption><\/figure><br \/>\n-Pozivam \u010dlanove \u017eirija da se formalno-pravno novinarska nagrada Milan Panti\u0107 ustupi porodici, kako narednih godina ne bi dolazili u situaciju da bilo ko baca senku na ime mog oca i da se \u017ertva koju je podneo za slobodu novinarstva u Srbiji bude ba\u010dena u drugi plan. Nerazumevanje pojedinaca ko je bio Milan Panti\u0107, li\u010dne sujete i animoziteti, doveli su nas do toga da je \u010duvanje se\u0107anja na njega ozbiljno ugro\u017eeno. Ne\u0107u da ka\u017eem da je lo\u0161e \u0161to prvi put za 15 godina nije dodeljena nagrada, ne\u0107u ni da analiziram kandidate. Na\u017ealost u ime porodice izra\u017eavam veliko nezadovoljstvo, \u0161to smo do\u0161li u situaciju da se\u0107anje na mog oca krene da bledi, pla\u0161im se da je ovo korak ka tome. Ne\u0107u da imenujem odgovorne, ali najve\u0107u odgovornost svakako ima rukovodstvo Kompanije Novosti, kao i ostali \u010dlanovi \u017eirija, novinarska udru\u017eenja i predstavnici iz Jagodine , rekao je Milanov sin Nemanja Panti\u0107.<br \/>\nDirektor Novosti Ratko Dmitrovi\u0107 istakao je da \u0107e ukoliko porodica pokrene tu inicijativu ta kompanija o tome odlu\u010diti, jer je ona ustanovila tu nagradu.<a href=\"https:\/\/centralmedia.rs\/wp-content\/uploads\/2016\/06\/pomen-panticu-jagodina-g.j..jpg\"><img loading=\"lazy\" decoding=\"async\" src=\"https:\/\/centralmedia.rs\/wp-content\/uploads\/2016\/06\/pomen-panticu-jagodina-g.j.-300x230.jpg\" alt=\"pomen panticu-jagodina-g.j.\" width=\"300\" height=\"230\" class=\"alignnone size-medium wp-image-3364\" srcset=\"https:\/\/centralmedia.rs\/wp-content\/uploads\/2016\/06\/pomen-panticu-jagodina-g.j.-300x230.jpg 300w, https:\/\/centralmedia.rs\/wp-content\/uploads\/2016\/06\/pomen-panticu-jagodina-g.j.-768x589.jpg 768w, https:\/\/centralmedia.rs\/wp-content\/uploads\/2016\/06\/pomen-panticu-jagodina-g.j.-80x60.jpg 80w, https:\/\/centralmedia.rs\/wp-content\/uploads\/2016\/06\/pomen-panticu-jagodina-g.j..jpg 900w\" sizes=\"(max-width: 300px) 100vw, 300px\" \/><\/a><br \/>\n-Davati nagradu samo da bi bila dodeljena je ve\u0107a gre\u0161ka nego ne dodeliti nagradu s obzirom na kandidate koji su predlo\u017eeni za tu visoku nagradu. Odluka \u017eirija je,  da se ove godine ne dodeli nagrada, ispravna i zaista mi je \u017eao zbog stava porodice, rekao je on i dodao  da u Jagodinu dolazi ,,uz mu\u010dninu, mu\u010dan sam sebi, jer se ve\u0107 15 godinane re\u0161ava ubistvo \u201d, kao i da nije optimista  \u0161to se ti\u010de re\u0161avanja tog slu\u010daja.      <figure id=\"attachment_3365\" aria-describedby=\"caption-attachment-3365\" style=\"width: 300px\" class=\"wp-caption alignnone\"><a href=\"https:\/\/centralmedia.rs\/wp-content\/uploads\/2016\/06\/veran-matic-jagodina-g.j..jpg\"><img loading=\"lazy\" decoding=\"async\" src=\"https:\/\/centralmedia.rs\/wp-content\/uploads\/2016\/06\/veran-matic-jagodina-g.j.-300x225.jpg\" alt=\"Veran Mati\u0107\" width=\"300\" height=\"225\" class=\"size-medium wp-image-3365\" srcset=\"https:\/\/centralmedia.rs\/wp-content\/uploads\/2016\/06\/veran-matic-jagodina-g.j.-300x225.jpg 300w, https:\/\/centralmedia.rs\/wp-content\/uploads\/2016\/06\/veran-matic-jagodina-g.j.-768x576.jpg 768w, https:\/\/centralmedia.rs\/wp-content\/uploads\/2016\/06\/veran-matic-jagodina-g.j.-80x60.jpg 80w, https:\/\/centralmedia.rs\/wp-content\/uploads\/2016\/06\/veran-matic-jagodina-g.j.-265x198.jpg 265w, https:\/\/centralmedia.rs\/wp-content\/uploads\/2016\/06\/veran-matic-jagodina-g.j..jpg 900w\" sizes=\"(max-width: 300px) 100vw, 300px\" \/><\/a><figcaption id=\"caption-attachment-3365\" class=\"wp-caption-text\">Veran Mati\u0107<\/figcaption><\/figure><br \/>\n-U proteklih nekoliko meseci  imamo zanimljive i pozitivne rezultate u istrazi ubistva Panti\u0107a. To su prvi konkretni podaci, konkretniji od mnogih koje smo imali u proteklih 15 godina. Veoma \u010desto smo nailazili na situacije u kojima smo videli da se tragovi namerno usmeravaju u drugim pravcima. Nastoja\u0107emo da se istraga poja\u010da sa tu\u017eila\u010dke strane. Bli\u017ei smo egzekutorima u ovom trenutku nego nalogodavcima, ali nalogodavci \u0107e u nastavku istrage biti mnogo prepoznatljiviji, ako se utvrdi da su to zaista ljudi kojima smo na tragu, rekao je Mati\u0107  <a href=\"https:\/\/centralmedia.rs\/wp-content\/uploads\/2016\/06\/pomen-panticu-3-jagodina-g.j..jpg\"><img loading=\"lazy\" decoding=\"async\" src=\"https:\/\/centralmedia.rs\/wp-content\/uploads\/2016\/06\/pomen-panticu-3-jagodina-g.j.-300x225.jpg\" alt=\"pomen panticu 3-jagodina-g.j.\" width=\"300\" height=\"225\" class=\"alignnone size-medium wp-image-3366\" srcset=\"https:\/\/centralmedia.rs\/wp-content\/uploads\/2016\/06\/pomen-panticu-3-jagodina-g.j.-300x225.jpg 300w, https:\/\/centralmedia.rs\/wp-content\/uploads\/2016\/06\/pomen-panticu-3-jagodina-g.j.-768x576.jpg 768w, https:\/\/centralmedia.rs\/wp-content\/uploads\/2016\/06\/pomen-panticu-3-jagodina-g.j.-80x60.jpg 80w, https:\/\/centralmedia.rs\/wp-content\/uploads\/2016\/06\/pomen-panticu-3-jagodina-g.j.-265x198.jpg 265w, https:\/\/centralmedia.rs\/wp-content\/uploads\/2016\/06\/pomen-panticu-3-jagodina-g.j..jpg 900w\" sizes=\"(max-width: 300px) 100vw, 300px\" \/><\/a><br \/>\n Radna grupa BIA i MUP Srbija je u poja\u010danom sastavu u odnosu na pro\u0161lu godinu, a pomaci u istrazi daju dobru osnovu da u narednom vremenu imamo konkretne rezultate, doda je on. Vlada Srbije je produ\u017eila mandat Komisiji za istragu ubistava novinara do okon\u010danja svih istraga. Na pomenu su govorili predstavnici novinarskih udru\u017eenja \u017divojin Rako\u010devi\u0107 i Predrag Blagojevi\u0107.<\/p>\n<p>DODATNA GOR\u010cINA<br \/>\n-Dodatan razlog za gor\u010dinu je da iz godine u godinu iz grades uprave niko ne dolazi na pomen, da bar prisustvom svojim da zna\u010daj \u010doveku koji je ostavio trag u svom poslu, rekao je Dmitrovi\u0107.<\/p>\n","protected":false},"excerpt":{"rendered":"<p>JAGODINA-Porodica ubijenog novinara Milana Panti\u0107a iz Jagodine danas je, prilikom obele\u017eavanja 15 godina od tog stra\u0161nog doga\u0111aja, zatra\u017eila je od predstavnika \u017eirija za dodelu nagrade &hellip; <\/p>\n","protected":false},"author":4,"featured_media":3362,"comment_status":"open","ping_status":"open","sticky":false,"template":"","format":"standard","meta":{"footnotes":""},"categories":[20,2,12],"tags":[870,58,869],"_links":{"self":[{"href":"https:\/\/centralmedia.rs\/index.php\/wp-json\/wp\/v2\/posts\/3361"}],"collection":[{"href":"https:\/\/centralmedia.rs\/index.php\/wp-json\/wp\/v2\/posts"}],"about":[{"href":"https:\/\/centralmedia.rs\/index.php\/wp-json\/wp\/v2\/types\/post"}],"author":[{"embeddable":true,"href":"https:\/\/centralmedia.rs\/index.php\/wp-json\/wp\/v2\/users\/4"}],"replies":[{"embeddable":true,"href":"https:\/\/centralmedia.rs\/index.php\/wp-json\/wp\/v2\/comments?post=3361"}],"version-history":[{"count":0,"href":"https:\/\/centralmedia.rs\/index.php\/wp-json\/wp\/v2\/posts\/3361\/revisions"}],"wp:featuredmedia":[{"embeddable":true,"href":"https:\/\/centralmedia.rs\/index.php\/wp-json\/wp\/v2\/media\/3362"}],"wp:attachment":[{"href":"https:\/\/centralmedia.rs\/index.php\/wp-json\/wp\/v2\/media?parent=3361"}],"wp:term":[{"taxonomy":"category","embeddable":true,"href":"https:\/\/centralmedia.rs\/index.php\/wp-json\/wp\/v2\/categories?post=3361"},{"taxonomy":"post_tag","embeddable":true,"href":"https:\/\/centralmedia.rs\/index.php\/wp-json\/wp\/v2\/tags?post=3361"}],"curies":[{"name":"wp","href":"https:\/\/api.w.org\/{rel}","templated":true}]}}