{"id":33616,"date":"2022-11-30T20:34:46","date_gmt":"2022-11-30T19:34:46","guid":{"rendered":"http:\/\/centralmedia.rs\/?p=33616"},"modified":"2022-12-02T13:17:41","modified_gmt":"2022-12-02T12:17:41","slug":"multifunkcionalna-cistilica-u-pogonu","status":"publish","type":"post","link":"https:\/\/centralmedia.rs\/index.php\/2022\/11\/30\/multifunkcionalna-cistilica-u-pogonu\/","title":{"rendered":"MULTIFUNKCIONALNA \u010cISTILICA U POGONU"},"content":{"rendered":"<p>SVILAJNAC-KJP \u201eMorava\u201c Svilajnac danas je probala novu multifunkcionalnu \u010distilicu koja \u0107e znatno pove\u0107ati kvalitet usluga ovog preduze\u0107a i doprineti jo\u0161 \u010distijem gradu.<\/p>\n<div id='gallery-1' class='gallery galleryid-33616 gallery-columns-4 gallery-size-thumbnail'><figure class='gallery-item'>\n\t\t\t<div class='gallery-icon portrait'>\n\t\t\t\t<a href='https:\/\/centralmedia.rs\/index.php\/2022\/11\/30\/multifunkcionalna-cistilica-u-pogonu\/smart-2\/'><img loading=\"lazy\" decoding=\"async\" width=\"150\" height=\"150\" src=\"https:\/\/centralmedia.rs\/wp-content\/uploads\/2022\/11\/cistilica1-150x150.jpg\" class=\"attachment-thumbnail size-thumbnail\" alt=\"\" aria-describedby=\"gallery-1-33618\" \/><\/a>\n\t\t\t<\/div>\n\t\t\t\t<figcaption class='wp-caption-text gallery-caption' id='gallery-1-33618'>\n\t\t\t\tsmart\n\t\t\t\t<\/figcaption><\/figure><figure class='gallery-item'>\n\t\t\t<div class='gallery-icon portrait'>\n\t\t\t\t<a href='https:\/\/centralmedia.rs\/index.php\/2022\/11\/30\/multifunkcionalna-cistilica-u-pogonu\/smart-3\/'><img loading=\"lazy\" decoding=\"async\" width=\"150\" height=\"150\" src=\"https:\/\/centralmedia.rs\/wp-content\/uploads\/2022\/11\/cistilica2-150x150.jpg\" class=\"attachment-thumbnail size-thumbnail\" alt=\"\" aria-describedby=\"gallery-1-33619\" \/><\/a>\n\t\t\t<\/div>\n\t\t\t\t<figcaption class='wp-caption-text gallery-caption' id='gallery-1-33619'>\n\t\t\t\tsmart\n\t\t\t\t<\/figcaption><\/figure><figure class='gallery-item'>\n\t\t\t<div class='gallery-icon portrait'>\n\t\t\t\t<a href='https:\/\/centralmedia.rs\/index.php\/2022\/11\/30\/multifunkcionalna-cistilica-u-pogonu\/smart-4\/'><img loading=\"lazy\" decoding=\"async\" width=\"150\" height=\"150\" src=\"https:\/\/centralmedia.rs\/wp-content\/uploads\/2022\/11\/cistilica3-150x150.jpg\" class=\"attachment-thumbnail size-thumbnail\" alt=\"\" aria-describedby=\"gallery-1-33620\" \/><\/a>\n\t\t\t<\/div>\n\t\t\t\t<figcaption class='wp-caption-text gallery-caption' id='gallery-1-33620'>\n\t\t\t\tsmart\n\t\t\t\t<\/figcaption><\/figure><figure class='gallery-item'>\n\t\t\t<div class='gallery-icon portrait'>\n\t\t\t\t<a href='https:\/\/centralmedia.rs\/index.php\/2022\/11\/30\/multifunkcionalna-cistilica-u-pogonu\/smart-5\/'><img loading=\"lazy\" decoding=\"async\" width=\"150\" height=\"150\" src=\"https:\/\/centralmedia.rs\/wp-content\/uploads\/2022\/11\/cistilica4-150x150.jpg\" class=\"attachment-thumbnail size-thumbnail\" alt=\"\" aria-describedby=\"gallery-1-33621\" \/><\/a>\n\t\t\t<\/div>\n\t\t\t\t<figcaption class='wp-caption-text gallery-caption' id='gallery-1-33621'>\n\t\t\t\tsmart\n\t\t\t\t<\/figcaption><\/figure>\n\t\t<\/div>\n\n<p>Direktor KJP \u201eMorava\u201c Svilajnac Goran Boji\u0107 ka\u017ee da \u0107e nova ma\u0161ina \u010distiti i dezinfikovati kontejnere:<\/p>\n<p>\u201eJako smo zadovoljni kako \u010distilica radi, kontejneri \u0107e se nakon pra\u017enjenja prati i dezinfikovati \u0161to je jako va\u017eno, naro\u010dito tokom letnjeg perioda jer \u0107e doprineti i smanjenju neprijatnih mirisa. Planiramo da do kraja godine nabavimo jo\u0161 oko 100 kontejnera, ali tako\u0111e apelujem na sve gra\u0111ane da ih ne pale, da savesno izbacuju pepeo od lo\u017eenja tek kada se ohladi\u201c \u2013 izjavio je on.<\/p>\n<p>Pejza\u017eni arhitekta u KJP \u201eMorava\u201c Svilajnac Marina Milutinovi\u0107 istakla je da \u0107e novom \u010distilicom mo\u0107i da se \u010diste javne povr\u0161ine, spomenici, da se skidaju \u017evake, uklanjanju grafiti i dubinski peru stare i nove fleke na behatonu:<\/p>\n<p>\u201e\u010cistilica koristi kombinaciju izuzetno visokog pritiska i vrele pare i uklanja \u010dak i neke mrlje koje se te\u0161ko peru, kao \u0161to su na primer fleke od motornih ulja. Ovo \u0107e sigurno doprineti da na\u0161 grad bude naj\u010distiji, jer ovakvu ma\u0161inu poseduje jo\u0161 jedino Beograd\u201c \u2013 rekla je ona.<\/p>\n","protected":false},"excerpt":{"rendered":"<p>SVILAJNAC-KJP \u201eMorava\u201c Svilajnac danas je probala novu multifunkcionalnu \u010distilicu koja \u0107e znatno pove\u0107ati kvalitet usluga ovog preduze\u0107a i doprineti jo\u0161 \u010distijem gradu. Direktor KJP \u201eMorava\u201c &hellip; <\/p>\n","protected":false},"author":2,"featured_media":33617,"comment_status":"open","ping_status":"open","sticky":false,"template":"","format":"standard","meta":{"footnotes":""},"categories":[1524,2,887,16,12,1517,5785],"tags":[6071,38],"_links":{"self":[{"href":"https:\/\/centralmedia.rs\/index.php\/wp-json\/wp\/v2\/posts\/33616"}],"collection":[{"href":"https:\/\/centralmedia.rs\/index.php\/wp-json\/wp\/v2\/posts"}],"about":[{"href":"https:\/\/centralmedia.rs\/index.php\/wp-json\/wp\/v2\/types\/post"}],"author":[{"embeddable":true,"href":"https:\/\/centralmedia.rs\/index.php\/wp-json\/wp\/v2\/users\/2"}],"replies":[{"embeddable":true,"href":"https:\/\/centralmedia.rs\/index.php\/wp-json\/wp\/v2\/comments?post=33616"}],"version-history":[{"count":1,"href":"https:\/\/centralmedia.rs\/index.php\/wp-json\/wp\/v2\/posts\/33616\/revisions"}],"predecessor-version":[{"id":33622,"href":"https:\/\/centralmedia.rs\/index.php\/wp-json\/wp\/v2\/posts\/33616\/revisions\/33622"}],"wp:featuredmedia":[{"embeddable":true,"href":"https:\/\/centralmedia.rs\/index.php\/wp-json\/wp\/v2\/media\/33617"}],"wp:attachment":[{"href":"https:\/\/centralmedia.rs\/index.php\/wp-json\/wp\/v2\/media?parent=33616"}],"wp:term":[{"taxonomy":"category","embeddable":true,"href":"https:\/\/centralmedia.rs\/index.php\/wp-json\/wp\/v2\/categories?post=33616"},{"taxonomy":"post_tag","embeddable":true,"href":"https:\/\/centralmedia.rs\/index.php\/wp-json\/wp\/v2\/tags?post=33616"}],"curies":[{"name":"wp","href":"https:\/\/api.w.org\/{rel}","templated":true}]}}