{"id":33627,"date":"2022-11-28T20:56:53","date_gmt":"2022-11-28T19:56:53","guid":{"rendered":"http:\/\/centralmedia.rs\/?p=33627"},"modified":"2022-11-30T20:57:17","modified_gmt":"2022-11-30T19:57:17","slug":"nova-multifunkcionalna-cistilica-i-dva-nova-traktora-za-kjp-morava","status":"publish","type":"post","link":"https:\/\/centralmedia.rs\/index.php\/2022\/11\/28\/nova-multifunkcionalna-cistilica-i-dva-nova-traktora-za-kjp-morava\/","title":{"rendered":"NOVA MULTIFUNKCIONALNA \u010cISTILICA I DVA NOVA TRAKTORA ZA KJP \u201eMORAVA\u201c"},"content":{"rendered":"<p>SVILAJNAC- Komunalno javno preduze\u0107e \u201eMorava\u201c Svilajnac danas je dobilo novo specijalno multifunkcionalno vozilo za \u010di\u0161\u0107enje i dva nova traktora. Predsednik op\u0161tine Svilajnac Predrag Milanovi\u0107 ka\u017ee da \u0107e nova \u010distilica znatno pove\u0107ati nivo komunalnih usluga ovog preduze\u0107a:<\/p>\n<p>\u201eOvakvo vozilo u Srbiji ima jo\u0161 jedino Beograd i evo sad Svilajnac. Slu\u017ei za pranje i dezinfikovanje kontejnera i kanti, kao i za \u010di\u0161\u0107enje ulica, javnih povr\u0161ina, spomenika, a mo\u017ee da \u010disti i grafite. Koristi\u0107e se i u gradu i po selima. U planu je i da nabavimo nove kontejnere, ali apelujem na gra\u0111ane ovom prilikom da ne pale kontejnere sada u zimskom periodu, da ne izbacuju u kontejnere vreo pepeo koji ih o\u0161te\u0107uje. Osim nove \u010distilice, KJP \u201eMorava\u201c obnovio je svoj vozni park i sa dva nova IMT traktora, naredne godine nabavi\u0107emo jo\u0161 neko vozilo i siguran sam da je na\u0161e komunalno preduze\u0107e najopremljenije u regionu\u201c \u2013 izjavio je Milanovi\u0107.<\/p>\n<div id='gallery-1' class='gallery galleryid-33627 gallery-columns-7 gallery-size-thumbnail'><figure class='gallery-item'>\n\t\t\t<div class='gallery-icon landscape'>\n\t\t\t\t<a href='https:\/\/centralmedia.rs\/index.php\/2022\/11\/28\/nova-multifunkcionalna-cistilica-i-dva-nova-traktora-za-kjp-morava\/cistilica1\/'><img loading=\"lazy\" decoding=\"async\" width=\"150\" height=\"150\" src=\"https:\/\/centralmedia.rs\/wp-content\/uploads\/2022\/11\/cistilica1-1-150x150.jpg\" class=\"attachment-thumbnail size-thumbnail\" alt=\"\" \/><\/a>\n\t\t\t<\/div><\/figure><figure class='gallery-item'>\n\t\t\t<div class='gallery-icon landscape'>\n\t\t\t\t<a href='https:\/\/centralmedia.rs\/index.php\/2022\/11\/28\/nova-multifunkcionalna-cistilica-i-dva-nova-traktora-za-kjp-morava\/cistilica2\/'><img loading=\"lazy\" decoding=\"async\" width=\"150\" height=\"150\" src=\"https:\/\/centralmedia.rs\/wp-content\/uploads\/2022\/11\/cistilica2-1-150x150.jpg\" class=\"attachment-thumbnail size-thumbnail\" alt=\"\" \/><\/a>\n\t\t\t<\/div><\/figure><figure class='gallery-item'>\n\t\t\t<div class='gallery-icon landscape'>\n\t\t\t\t<a href='https:\/\/centralmedia.rs\/index.php\/2022\/11\/28\/nova-multifunkcionalna-cistilica-i-dva-nova-traktora-za-kjp-morava\/cistilica3\/'><img loading=\"lazy\" decoding=\"async\" width=\"150\" height=\"150\" src=\"https:\/\/centralmedia.rs\/wp-content\/uploads\/2022\/11\/cistilica3-1-150x150.jpg\" class=\"attachment-thumbnail size-thumbnail\" alt=\"\" \/><\/a>\n\t\t\t<\/div><\/figure><figure class='gallery-item'>\n\t\t\t<div class='gallery-icon landscape'>\n\t\t\t\t<a href='https:\/\/centralmedia.rs\/index.php\/2022\/11\/28\/nova-multifunkcionalna-cistilica-i-dva-nova-traktora-za-kjp-morava\/jkp-4\/'><img loading=\"lazy\" decoding=\"async\" width=\"150\" height=\"150\" src=\"https:\/\/centralmedia.rs\/wp-content\/uploads\/2022\/11\/jkp-150x150.jpg\" class=\"attachment-thumbnail size-thumbnail\" alt=\"\" \/><\/a>\n\t\t\t<\/div><\/figure><figure class='gallery-item'>\n\t\t\t<div class='gallery-icon landscape'>\n\t\t\t\t<a href='https:\/\/centralmedia.rs\/index.php\/2022\/11\/28\/nova-multifunkcionalna-cistilica-i-dva-nova-traktora-za-kjp-morava\/jkp1-2\/'><img loading=\"lazy\" decoding=\"async\" width=\"150\" height=\"150\" src=\"https:\/\/centralmedia.rs\/wp-content\/uploads\/2022\/11\/jkp1-150x150.jpg\" class=\"attachment-thumbnail size-thumbnail\" alt=\"\" \/><\/a>\n\t\t\t<\/div><\/figure><figure class='gallery-item'>\n\t\t\t<div class='gallery-icon landscape'>\n\t\t\t\t<a href='https:\/\/centralmedia.rs\/index.php\/2022\/11\/28\/nova-multifunkcionalna-cistilica-i-dva-nova-traktora-za-kjp-morava\/traktori\/'><img loading=\"lazy\" decoding=\"async\" width=\"150\" height=\"150\" src=\"https:\/\/centralmedia.rs\/wp-content\/uploads\/2022\/11\/traktori-150x150.jpg\" class=\"attachment-thumbnail size-thumbnail\" alt=\"\" \/><\/a>\n\t\t\t<\/div><\/figure><figure class='gallery-item'>\n\t\t\t<div class='gallery-icon landscape'>\n\t\t\t\t<a href='https:\/\/centralmedia.rs\/index.php\/2022\/11\/28\/nova-multifunkcionalna-cistilica-i-dva-nova-traktora-za-kjp-morava\/cistilica\/'><img loading=\"lazy\" decoding=\"async\" width=\"150\" height=\"150\" src=\"https:\/\/centralmedia.rs\/wp-content\/uploads\/2022\/11\/cistilica-1-150x150.jpg\" class=\"attachment-thumbnail size-thumbnail\" alt=\"\" \/><\/a>\n\t\t\t<\/div><\/figure>\n\t\t<\/div>\n\n","protected":false},"excerpt":{"rendered":"<p>SVILAJNAC- Komunalno javno preduze\u0107e \u201eMorava\u201c Svilajnac danas je dobilo novo specijalno multifunkcionalno vozilo za \u010di\u0161\u0107enje i dva nova traktora. Predsednik op\u0161tine Svilajnac Predrag Milanovi\u0107 ka\u017ee &hellip; <\/p>\n","protected":false},"author":2,"featured_media":33628,"comment_status":"open","ping_status":"open","sticky":false,"template":"","format":"standard","meta":{"footnotes":""},"categories":[1524,2,887,16,12,1517,5785],"tags":[6071,38,5711],"_links":{"self":[{"href":"https:\/\/centralmedia.rs\/index.php\/wp-json\/wp\/v2\/posts\/33627"}],"collection":[{"href":"https:\/\/centralmedia.rs\/index.php\/wp-json\/wp\/v2\/posts"}],"about":[{"href":"https:\/\/centralmedia.rs\/index.php\/wp-json\/wp\/v2\/types\/post"}],"author":[{"embeddable":true,"href":"https:\/\/centralmedia.rs\/index.php\/wp-json\/wp\/v2\/users\/2"}],"replies":[{"embeddable":true,"href":"https:\/\/centralmedia.rs\/index.php\/wp-json\/wp\/v2\/comments?post=33627"}],"version-history":[{"count":1,"href":"https:\/\/centralmedia.rs\/index.php\/wp-json\/wp\/v2\/posts\/33627\/revisions"}],"predecessor-version":[{"id":33635,"href":"https:\/\/centralmedia.rs\/index.php\/wp-json\/wp\/v2\/posts\/33627\/revisions\/33635"}],"wp:featuredmedia":[{"embeddable":true,"href":"https:\/\/centralmedia.rs\/index.php\/wp-json\/wp\/v2\/media\/33628"}],"wp:attachment":[{"href":"https:\/\/centralmedia.rs\/index.php\/wp-json\/wp\/v2\/media?parent=33627"}],"wp:term":[{"taxonomy":"category","embeddable":true,"href":"https:\/\/centralmedia.rs\/index.php\/wp-json\/wp\/v2\/categories?post=33627"},{"taxonomy":"post_tag","embeddable":true,"href":"https:\/\/centralmedia.rs\/index.php\/wp-json\/wp\/v2\/tags?post=33627"}],"curies":[{"name":"wp","href":"https:\/\/api.w.org\/{rel}","templated":true}]}}