{"id":33639,"date":"2022-11-25T21:06:33","date_gmt":"2022-11-25T20:06:33","guid":{"rendered":"http:\/\/centralmedia.rs\/?p=33639"},"modified":"2022-11-30T21:07:17","modified_gmt":"2022-11-30T20:07:17","slug":"centar-za-socijalni-rad-svilajnac-obelezio-dan-borbe-protiv-nasilja-nad-zenama","status":"publish","type":"post","link":"https:\/\/centralmedia.rs\/index.php\/2022\/11\/25\/centar-za-socijalni-rad-svilajnac-obelezio-dan-borbe-protiv-nasilja-nad-zenama\/","title":{"rendered":"CENTAR ZA SOCIJALNI RAD \u201eSVILAJNAC\u201c OBELE\u017dIO DAN BORBE PROTIV NASILjA NAD \u017dENAMA"},"content":{"rendered":"<p>SVILAJNAC-Centar za socijalni rad \u201eSvilajnac\u201c obele\u017eio je danas Me\u0111unarodni dan borbe protiv nasilja nad \u017eenama, akcijom koja ima za cilj podizanje svesti o ovom dru\u0161tvenom problemu.<\/p>\n<p><img loading=\"lazy\" decoding=\"async\" class=\"alignnone wp-image-33642 size-large\" src=\"http:\/\/centralmedia.rs\/wp-content\/uploads\/2022\/11\/nasilje1-1024x683.jpg\" alt=\"\" width=\"640\" height=\"427\" srcset=\"https:\/\/centralmedia.rs\/wp-content\/uploads\/2022\/11\/nasilje1-1024x683.jpg 1024w, https:\/\/centralmedia.rs\/wp-content\/uploads\/2022\/11\/nasilje1-300x200.jpg 300w, https:\/\/centralmedia.rs\/wp-content\/uploads\/2022\/11\/nasilje1-768x512.jpg 768w, https:\/\/centralmedia.rs\/wp-content\/uploads\/2022\/11\/nasilje1-630x420.jpg 630w, https:\/\/centralmedia.rs\/wp-content\/uploads\/2022\/11\/nasilje1-640x427.jpg 640w, https:\/\/centralmedia.rs\/wp-content\/uploads\/2022\/11\/nasilje1-681x454.jpg 681w, https:\/\/centralmedia.rs\/wp-content\/uploads\/2022\/11\/nasilje1.jpg 2048w\" sizes=\"(max-width: 640px) 100vw, 640px\" \/><\/p>\n<p>Direktorka Centra za rad \u201eSvilajnac\u201c Monika Petronijevi\u0107 istakla je da se 25. novembar jo\u0161 od 1981. godine\u00a0 koristi kao podsetnik da se pomogne svim onima \u017ertvama koje trpe nasilje:<\/p>\n<p>\u201eTrudimo se da transparentno i otvoreno razgovaramo sa na\u0161im sugra\u0111anima o prisutnosti ovog problema. Statistika ka\u017ee da su na teritoriji op\u0161tine Svilajnac 80% ukupnog broja \u017ertava nasilja osobe \u017eenskog pola, pa ovim aktivnostima poku\u0161avamo da, osim podizanja svesti, i osna\u017eimo \u017eene da prijave nasilje. Procedura za prijavu nasilja je takva da se prijava podnosi policijskoj stanici usmeno, anonimno ili telefonski, a oni obave\u0161tavaju Centar za socijalni rad i Grupu za koordinaciju i saradnju. Tako\u0111e, \u017ertve nasilja mogu se javiti i na SOS telefon Centra za socijalni rad\u00a0 na broj telefona 035\/312-681 i zagarantovana je anonimnost i tajnost podataka. Svaka prijava se proverava i obave\u0161tavaju se nadle\u017ene institucije\u201c \u2013 obja\u0161njava ona i isti\u010de da Centar za socijalni rad pru\u017ea psihosocijalnu podr\u0161ku osna\u017eivanju \u017eena, radi na ja\u010danju svesti da \u017eena nije kriva i daje razne vrste pomo\u0107i kao \u0161to su nov\u010dana, savetodavna, pravna, informativna ili pomo\u0107 pri zapo\u0161ljavanju.<\/p>\n<p>Iz Centra za socijalni rad tako\u0111e isti\u010du da je va\u017eno znati da se nasilje mo\u017ee desiti svakoj \u017eeni i da nasilje nije posledica \u017eeninog pona\u0161anja, jer za nasilje nikada ne postoji opravdanje.<\/p>\n","protected":false},"excerpt":{"rendered":"<p>SVILAJNAC-Centar za socijalni rad \u201eSvilajnac\u201c obele\u017eio je danas Me\u0111unarodni dan borbe protiv nasilja nad \u017eenama, akcijom koja ima za cilj podizanje svesti o ovom dru\u0161tvenom &hellip; <\/p>\n","protected":false},"author":2,"featured_media":33640,"comment_status":"open","ping_status":"open","sticky":false,"template":"","format":"standard","meta":{"footnotes":""},"categories":[14,1524,2,887,12,5785,1517],"tags":[6072,38],"_links":{"self":[{"href":"https:\/\/centralmedia.rs\/index.php\/wp-json\/wp\/v2\/posts\/33639"}],"collection":[{"href":"https:\/\/centralmedia.rs\/index.php\/wp-json\/wp\/v2\/posts"}],"about":[{"href":"https:\/\/centralmedia.rs\/index.php\/wp-json\/wp\/v2\/types\/post"}],"author":[{"embeddable":true,"href":"https:\/\/centralmedia.rs\/index.php\/wp-json\/wp\/v2\/users\/2"}],"replies":[{"embeddable":true,"href":"https:\/\/centralmedia.rs\/index.php\/wp-json\/wp\/v2\/comments?post=33639"}],"version-history":[{"count":2,"href":"https:\/\/centralmedia.rs\/index.php\/wp-json\/wp\/v2\/posts\/33639\/revisions"}],"predecessor-version":[{"id":33643,"href":"https:\/\/centralmedia.rs\/index.php\/wp-json\/wp\/v2\/posts\/33639\/revisions\/33643"}],"wp:featuredmedia":[{"embeddable":true,"href":"https:\/\/centralmedia.rs\/index.php\/wp-json\/wp\/v2\/media\/33640"}],"wp:attachment":[{"href":"https:\/\/centralmedia.rs\/index.php\/wp-json\/wp\/v2\/media?parent=33639"}],"wp:term":[{"taxonomy":"category","embeddable":true,"href":"https:\/\/centralmedia.rs\/index.php\/wp-json\/wp\/v2\/categories?post=33639"},{"taxonomy":"post_tag","embeddable":true,"href":"https:\/\/centralmedia.rs\/index.php\/wp-json\/wp\/v2\/tags?post=33639"}],"curies":[{"name":"wp","href":"https:\/\/api.w.org\/{rel}","templated":true}]}}